{"id":218,"date":"2018-07-02T21:56:00","date_gmt":"2018-07-02T19:56:00","guid":{"rendered":"http:\/\/rencartaumelies.com\/?p=218"},"modified":"2023-06-19T17:48:39","modified_gmt":"2023-06-19T15:48:39","slug":"ceux-qui-nous-restent","status":"publish","type":"post","link":"https:\/\/rencartaumelies.org\/index.php\/2018\/07\/02\/ceux-qui-nous-restent\/","title":{"rendered":"Ceux qui nous restent"},"content":{"rendered":"\n<p>Lundi 2 juillet 2018, \u00e0 La Rochelle, salle Dragon 5, dans le cadre du Festival international du film, projection de <strong><em>Ceux qui nous restent<\/em><\/strong> d&rsquo;Abraham Cohen, qui retrace la lutte des salari\u00e9s du cin\u00e9ma Le M\u00e9li\u00e8s de Montreuil victimes des attaques injustifi\u00e9es de la municipalit\u00e9 de Dominique Voynet entre 2013 et 2014. Puis rencontre avec le r\u00e9alisateur, la productrice, Dominique Cabr\u00e9ra, et les anciens combattants de cette lutte dont St\u00e9phane Goudet, directeur artistique du cin\u00e9ma, des repr\u00e9sentantes de l&rsquo;\u00e9quipe du cin\u00e9ma, une syndicaliste et des repr\u00e9sentantes de l&rsquo;association Renc&rsquo;Art au M\u00e9li\u00e8s et du C&rsquo;ism (Collectif Ind\u00e9pendant des Spectateurs du M\u00e9li\u00e8s) qui ont soutenu la lutte et la production du film.<\/p>\n\n\n\n<figure class=\"wp-block-embed is-type-video is-provider-youtube wp-block-embed-youtube wp-embed-aspect-16-9 wp-has-aspect-ratio\"><div class=\"wp-block-embed__wrapper\">\n<iframe loading=\"lazy\" title=\"&quot;Ceux qui nous restent&quot; a\u0300 La Rochelle\" width=\"900\" height=\"506\" src=\"https:\/\/www.youtube.com\/embed\/J319rTKIpIU?feature=oembed\" frameborder=\"0\" allow=\"accelerometer; autoplay; clipboard-write; encrypted-media; gyroscope; picture-in-picture; web-share\" allowfullscreen><\/iframe>\n<\/div><\/figure>\n\n\n\n<p>Mardi 17 octobre 2017, Corinne Bopp, d\u00e9l\u00e9gu\u00e9e g\u00e9n\u00e9rale de P\u00e9riph\u00e9rie cl\u00f4t les 22\u00e8mes Rencontres du cin\u00e9ma documentaire au cin\u00e9ma Le M\u00e9li\u00e8s de Montreuil, puis Abraham Cohen pr\u00e9sente, en avant-premi\u00e8re, son film, le tant attendu <strong><em>Ceux qui nous restent <\/em><\/strong>(ex-<strong><em>Lumi\u00e8re sur le M\u00e9li\u00e8s<\/em><\/strong>) mettant en \u00e9vidence les liens qui se sont tiss\u00e9s entre les membres de l&rsquo;\u00e9quipe du cin\u00e9ma lorsqu&rsquo;ils et elles luttaient pour d\u00e9fendre leur id\u00e9e du cin\u00e9ma.<\/p>\n\n\n\n<figure class=\"wp-block-embed is-type-video is-provider-youtube wp-block-embed-youtube wp-embed-aspect-16-9 wp-has-aspect-ratio\"><div class=\"wp-block-embed__wrapper\">\n <iframe loading=\"lazy\" title=\"Ceux qui nous restent\" width=\"900\" height=\"506\" src=\"https:\/\/www.youtube.com\/embed\/ICzHOjK7Dcg?feature=oembed\" frameborder=\"0\" allow=\"accelerometer; autoplay; clipboard-write; encrypted-media; gyroscope; picture-in-picture; web-share\" allowfullscreen><\/iframe>\n<\/div><\/figure>\n","protected":false},"excerpt":{"rendered":"<p>Lundi 2 juillet 2018, \u00e0 La Rochelle, salle Dragon 5, dans le cadre du Festival international du film, projection de Ceux qui nous restent d&rsquo;Abraham [&#8230;]<\/p>\n","protected":false},"author":8,"featured_media":0,"comment_status":"closed","ping_status":"open","sticky":false,"template":"","format":"standard","meta":{"footnotes":""},"categories":[4,16],"tags":[],"class_list":["post-218","post","type-post","status-publish","format-standard","hentry","category-rencontres-filmes","category-rencartaumelies"],"_links":{"self":[{"href":"https:\/\/rencartaumelies.org\/index.php\/wp-json\/wp\/v2\/posts\/218","targetHints":{"allow":["GET"]}}],"collection":[{"href":"https:\/\/rencartaumelies.org\/index.php\/wp-json\/wp\/v2\/posts"}],"about":[{"href":"https:\/\/rencartaumelies.org\/index.php\/wp-json\/wp\/v2\/types\/post"}],"author":[{"embeddable":true,"href":"https:\/\/rencartaumelies.org\/index.php\/wp-json\/wp\/v2\/users\/8"}],"replies":[{"embeddable":true,"href":"https:\/\/rencartaumelies.org\/index.php\/wp-json\/wp\/v2\/comments?post=218"}],"version-history":[{"count":3,"href":"https:\/\/rencartaumelies.org\/index.php\/wp-json\/wp\/v2\/posts\/218\/revisions"}],"predecessor-version":[{"id":1070,"href":"https:\/\/rencartaumelies.org\/index.php\/wp-json\/wp\/v2\/posts\/218\/revisions\/1070"}],"wp:attachment":[{"href":"https:\/\/rencartaumelies.org\/index.php\/wp-json\/wp\/v2\/media?parent=218"}],"wp:term":[{"taxonomy":"category","embeddable":true,"href":"https:\/\/rencartaumelies.org\/index.php\/wp-json\/wp\/v2\/categories?post=218"},{"taxonomy":"post_tag","embeddable":true,"href":"https:\/\/rencartaumelies.org\/index.php\/wp-json\/wp\/v2\/tags?post=218"}],"curies":[{"name":"wp","href":"https:\/\/api.w.org\/{rel}","templated":true}]}}