{"id":2355,"date":"2021-10-31T19:08:38","date_gmt":"2021-10-31T18:08:38","guid":{"rendered":"http:\/\/rencartaumelies.com\/?page_id=2355"},"modified":"2023-12-06T07:11:41","modified_gmt":"2023-12-06T06:11:41","slug":"si-rencart-metait-contee-2","status":"publish","type":"post","link":"https:\/\/rencartaumelies.org\/index.php\/2021\/10\/31\/si-rencart-metait-contee-2\/","title":{"rendered":"\u00ab\u00a0Si Renc&rsquo;Art m&rsquo;\u00e9tait cont\u00e9e\u2026\u00a0\u00bb"},"content":{"rendered":"\n<p><strong>Histoire de l&rsquo;association Renc&rsquo;Art au M\u00e9li\u00e8s :<\/strong><\/p>\n\n\n\n<p>\u00e9labor\u00e9e en collaboration avec les anciens pr\u00e9sidents et pr\u00e9sidentes de l&rsquo;association : Jean-Louis LE GALLl, Jacqueline JALLADEAU, Marie-Madeleine CORNI\u00c8RES, Catherine GIFFARD, ainsi qu&rsquo;avec Claire PESSIN-GARRIC, Marie-Jos\u00e9 BLONCOURT et Michel PODGOURSKY.<\/p>\n\n\n\n<p><strong>Pourquoi Renc&rsquo;Art ?<\/strong><\/p>\n\n\n\n<p>L&rsquo;id\u00e9e, au d\u00e9but de ce si\u00e8cle, d&rsquo;une autre association autour du cin\u00e9ma Le M\u00e9li\u00e8s de Montreuil \u2014 diff\u00e9rente, dans sa composition et ses objectifs, de l&rsquo;association gestionnaire pr\u00e9c\u00e9dente \u2014 est n\u00e9e dans le contexte de la municipalisation de ce cin\u00e9ma en 2002 avec le double objectif de soutenir la cr\u00e9ation d&rsquo;un cin\u00e9ma public Art &amp; Essai accessible \u00e0 tous publics, avec surtout une d\u00e9marche \u00e9ducative en direction du jeune public et, notamment, avec les \u00e9coles, ainsi que de participer activement au nouveau conseil du Cin\u00e9ma install\u00e9 le 30 avril 2002.<\/p>\n\n\n\n<p>La n\u00e9cessit\u00e9 de r\u00e9int\u00e9grer en r\u00e9gie municipale le cin\u00e9ma dont la gestion \u00e9tait jusqu&rsquo;ici d\u00e9l\u00e9gu\u00e9e \u00e0 une association, impos\u00e9e par injonction pr\u00e9fectorale et contest\u00e9e par l&rsquo;opposition de l&rsquo;\u00e9poque, repr\u00e9sentait une grosse difficult\u00e9 et \u00e9tait au c\u0153ur d&rsquo;un conflit politique municipal majeur.<\/p>\n\n\n\n<p>Pour trouver une issue au conflit qui agitait la ville, des r\u00e9alisateurs montreuillois engag\u00e9s, Robert GU\u00c9DIGUIAN, Dominik MOLL, Dominique CABR\u00c9RA et Dominique ARU, se sont avanc\u00e9s en tant que m\u00e9diateurs et ont propos\u00e9 la cr\u00e9ation d&rsquo;un <strong>conseil du Cin\u00e9ma<\/strong>, \u00e0 la disposition du conseil municipal, pour l&rsquo;\u00e9clairer sur le fonctionnement de la salle et des projets pour son avenir. Consid\u00e9rant que toute politique publique doit se construire avec les citoyens, ce nouveau conseil se proposait d&rsquo;associer les r\u00e9flexions des agents charg\u00e9s de la vie du cin\u00e9ma, des professionnels, des habitants spectateurs, des repr\u00e9sentants de l&rsquo;\u00c9ducation, des repr\u00e9sentants des \u00ab\u00a0jeunes\u00a0\u00bb et des \u00e9lus concern\u00e9s.<\/p>\n\n\n\n<p>La repr\u00e9sentation des spectateurs n\u00e9cessitait une association avec de nombreux adh\u00e9rents. Claire PESSIN-GARRIC, maire-adjointe \u00e0 la Culture, a voulu poser les bases de ce que pourrait \u00eatre cette association en prenant contact avec diverses personnes et personnalit\u00e9s parmi ses connaissances, de \u00ab\u00a0sensibilit\u00e9s politiques diff\u00e9rentes\u00a0\u00bb et conscientes de l&rsquo;enjeu culturel. La maire-adjointe s&rsquo;est retir\u00e9e d\u00e8s que le groupe initial s&rsquo;est constitu\u00e9 et a pu commencer \u00e0 \u0153uvrer en toute libert\u00e9 et ind\u00e9pendance par rapport \u00e0 la municipalit\u00e9.<\/p>\n\n\n\n<p>C&rsquo;est ainsi que Renc&rsquo;Art au M\u00e9li\u00e8s a vu le jour, avec le double objectif de soutenir la cr\u00e9ation d&rsquo;un cin\u00e9ma public Art &amp; Essai (label sollicit\u00e9 en 2002), accessible \u00e0 tous publics, et surtout au jeune public, ainsi que de participer activement aux r\u00e9flexions du conseil du cin\u00e9ma install\u00e9 le 30 avril 2002.<\/p>\n\n\n\n<p><strong>Les d\u00e9buts<\/strong><strong><\/strong><\/p>\n\n\n\n<p>Les premiers temps de Renc&rsquo;Art au M\u00e9li\u00e8s ont \u00e9t\u00e9 consacr\u00e9s \u00e0 chercher des adh\u00e9rents et \u00e0 soutenir la jeune \u00e9quipe autour du nouveau directeur artistique, St\u00e9phane GOUDET pr\u00e9sent\u00e9 au 1<sup>er<\/sup> conseil du Cin\u00e9ma. Il a fallu communiquer vers la ville pour se faire conna\u00eetre. L&rsquo;association a pu aussi proposer une programmation pour soutenir des films de qualit\u00e9, souvent \u00e0 petits budgets et de faible exposition.<\/p>\n\n\n\n<p>Le nombre d&rsquo;adh\u00e9rents et un budget reposant essentiellement sur leurs cotisations a \u00e9t\u00e9 la meilleure garantie d&rsquo;ind\u00e9pendance par rapport \u00e0 la mairie.<\/p>\n\n\n\n<p>Les 1<sup>\u00e8res<\/sup> r\u00e9flexions du conseil du cin\u00e9ma ont port\u00e9 sur la r\u00e9novation du 3 salles, sa mise en s\u00e9curit\u00e9 et en accessibilit\u00e9 aux personnes \u00e0 mobilit\u00e9 r\u00e9duite en rapport avec les nouvelles exigences l\u00e9gislatives. Celle-ci paraissant tr\u00e8s difficile et co\u00fbteuse, la r\u00e9flexion s&rsquo;est d\u00e9port\u00e9e sur la construction de salles neuves, aux normes et garantissant le statut public du cin\u00e9ma. Cette r\u00e9flexion citoyenne a permis l&rsquo;orientation des choix de la municipalit\u00e9 et le vote du transfert du M\u00e9li\u00e8s vers le <em>C\u0153ur de Ville<\/em> fin 2005.<\/p>\n\n\n\n<p><strong>D\u00e9fendre Le M\u00e9li\u00e8s<\/strong><\/p>\n\n\n\n<p>Ce projet d&rsquo;un cin\u00e9ma de 6 salles subventionn\u00e9es par les pouvoirs publics a provoqu\u00e9 la r\u00e9action agressive des 2 grands groupes priv\u00e9s, UGC et MK2, monopolisant la gestion des cin\u00e9mas en \u00cele-de-France, qui ont d\u00e9pos\u00e9 des recours juridiques. Il a donc fallu que l&rsquo;association se lance dans une bataille de 3 ans pour d\u00e9fendre l&rsquo;avenir du M\u00e9li\u00e8s en mobilisant les spectateurs de Montreuil et plus loin (p\u00e9tition de 20 000 signatures jointe \u00e0 celle des grands r\u00e9alisateurs du monde entier) et faisant un lien indispensable entre la population, les professionnels et les responsables politiques.<\/p>\n\n\n\n<p>Au milieu de cette bataille, la Ville a chang\u00e9 de couleur politique, la nouvelle municipalit\u00e9 r\u00e9unissant les adversaires pr\u00e9c\u00e9dents \u00e0 la municipalisation du cin\u00e9ma. L&rsquo;\u00e9quipe du M\u00e9li\u00e8s a eu \u00e0 p\u00e2tir de nombreuses man\u0153uvres visant \u00e0 la d\u00e9stabiliser.<\/p>\n\n\n\n<p>L&rsquo;association Renc&rsquo;Art au M\u00e9li\u00e8s s&rsquo;est employ\u00e9e \u00e0 la d\u00e9fendre pendant 6 ans, en particulier face \u00e0 plusieurs attaques successives pour d\u00e9boulonner le directeur artistique sous des pr\u00e9textes divers et contestables. Il faudra attendre les nouvelles \u00e9lections de 2014 pour retrouver une vie cin\u00e9matographique locale sereine.<\/p>\n\n\n\n<p>Ces 6 ann\u00e9es ont \u00e9t\u00e9 marqu\u00e9es \u00e9galement par l&rsquo;accompagnement du projet de nouveau M\u00e9li\u00e8s, la participation \u00e0 son \u00e9laboration et sa construction laborieuse.<\/p>\n\n\n\n<p>L&rsquo;association a pu participer \u00e0 la cr\u00e9ation et au d\u00e9veloppement d&rsquo;un festival qui marque la rentr\u00e9e cin\u00e9matographique francilienne.<\/p>\n\n\n\n<p><strong>et maintenant\u2026<\/strong><\/p>\n\n\n\n<p>Entre temps, le cin\u00e9ma a chang\u00e9 de tutelle pour celle de l&rsquo;\u00c9tablissement Public de Territoire Est-Ensemble-Grand-Paris, d&rsquo;abord les locaux et le mat\u00e9riel, puis les personnels. L&rsquo;association s&rsquo;est employ\u00e9e \u00e0 cr\u00e9er et entretenir les liens n\u00e9cessaires avec ce nouveau gestionnaire.<\/p>\n\n\n\n<p>Depuis, l&rsquo;association Renc&rsquo;Art au M\u00e9li\u00e8s \u0153uvre, dans la mesure o\u00f9 les conditions l&rsquo;autorisent, \u00e0 d\u00e9velopper sa communication \u00e0 travers les techniques modernes, \u00e0 continuer \u00e0 accompagner la vie du M\u00e9li\u00e8s et \u00e0 inventer de nouvelles activit\u00e9s pour que nous puissions toujours \u00ab\u00a0<em>parler de cin\u00e9ma<\/em>\u00ab\u00a0.<\/p>\n\n\n\n<p>Septembre 2021<\/p>\n","protected":false},"excerpt":{"rendered":"<p>Histoire de l&rsquo;association Renc&rsquo;Art au M\u00e9li\u00e8s : \u00e9labor\u00e9e en collaboration avec les anciens pr\u00e9sidents et pr\u00e9sidentes de l&rsquo;association : Jean-Louis LE GALLl, Jacqueline JALLADEAU, Marie-Madeleine [&#8230;]<\/p>\n","protected":false},"author":8,"featured_media":0,"comment_status":"closed","ping_status":"closed","sticky":false,"template":"","format":"standard","meta":{"footnotes":""},"categories":[84],"tags":[],"class_list":["post-2355","post","type-post","status-publish","format-standard","hentry","category-histoire-de-lasscoiation"],"_links":{"self":[{"href":"https:\/\/rencartaumelies.org\/index.php\/wp-json\/wp\/v2\/posts\/2355","targetHints":{"allow":["GET"]}}],"collection":[{"href":"https:\/\/rencartaumelies.org\/index.php\/wp-json\/wp\/v2\/posts"}],"about":[{"href":"https:\/\/rencartaumelies.org\/index.php\/wp-json\/wp\/v2\/types\/post"}],"author":[{"embeddable":true,"href":"https:\/\/rencartaumelies.org\/index.php\/wp-json\/wp\/v2\/users\/8"}],"replies":[{"embeddable":true,"href":"https:\/\/rencartaumelies.org\/index.php\/wp-json\/wp\/v2\/comments?post=2355"}],"version-history":[{"count":1,"href":"https:\/\/rencartaumelies.org\/index.php\/wp-json\/wp\/v2\/posts\/2355\/revisions"}],"predecessor-version":[{"id":2356,"href":"https:\/\/rencartaumelies.org\/index.php\/wp-json\/wp\/v2\/posts\/2355\/revisions\/2356"}],"wp:attachment":[{"href":"https:\/\/rencartaumelies.org\/index.php\/wp-json\/wp\/v2\/media?parent=2355"}],"wp:term":[{"taxonomy":"category","embeddable":true,"href":"https:\/\/rencartaumelies.org\/index.php\/wp-json\/wp\/v2\/categories?post=2355"},{"taxonomy":"post_tag","embeddable":true,"href":"https:\/\/rencartaumelies.org\/index.php\/wp-json\/wp\/v2\/tags?post=2355"}],"curies":[{"name":"wp","href":"https:\/\/api.w.org\/{rel}","templated":true}]}}