{"id":274,"date":"2012-12-06T16:46:00","date_gmt":"2012-12-06T15:46:00","guid":{"rendered":"http:\/\/rencartaumelies.com\/?p=274"},"modified":"2023-06-19T17:49:09","modified_gmt":"2023-06-19T15:49:09","slug":"rencart-au-melies-les-10-premieres-annees","status":"publish","type":"post","link":"https:\/\/rencartaumelies.org\/index.php\/2012\/12\/06\/rencart-au-melies-les-10-premieres-annees\/","title":{"rendered":"Renc&rsquo;Art au Me\u0301lie\u0300s : les 10 premie\u0300res anne\u0301es"},"content":{"rendered":"\n<p>Le 6 d\u00e9cembre 2012, au studio Berthelot de Montreuil, l&rsquo;association Renc&rsquo;Art au M\u00e9li\u00e8s f\u00eate ses 10 ans.<br>\u00c0 cette occasion, les <strong>fondateurs<\/strong> retracent l&rsquo;histoire de l&rsquo;association :<\/p>\n\n\n\n<ul class=\"wp-block-list\"><li>la municipalisation du cin\u00e9ma et l&rsquo;Association Montreuilloise du Cin\u00e9ma ;<\/li><li>la cr\u00e9ation du Conseil du Cin\u00e9ma ;<\/li><li>le choix du directeur artistique ;<\/li><li>le projet d&rsquo;un nouveau cin\u00e9ma ;<\/li><li>le conflit avec UGC et MK2 ;<\/li><li>les objectifs de l&rsquo;association ;<\/li><li>sa prise de position dans le conflit entre la municipalit\u00e9 et les salari\u00e9s du cin\u00e9ma suite \u00e0 la suspension de la direction du cin\u00e9ma par Dominique Voynet le jour m\u00eame&#8230;<\/li><\/ul>\n\n\n\n<figure class=\"wp-block-embed is-type-video is-provider-youtube wp-block-embed-youtube wp-embed-aspect-16-9 wp-has-aspect-ratio\"><div class=\"wp-block-embed__wrapper\">\n <iframe loading=\"lazy\" title=\"Renc&#039;Art au Me\u0301lie\u0300s : les 10 premie\u0300res anne\u0301es\" width=\"900\" height=\"506\" src=\"https:\/\/www.youtube.com\/embed\/1oUoa4tZtWo?feature=oembed\" frameborder=\"0\" allow=\"accelerometer; autoplay; clipboard-write; encrypted-media; gyroscope; picture-in-picture; web-share\" allowfullscreen><\/iframe>\n<\/div><\/figure>\n","protected":false},"excerpt":{"rendered":"<p>Le 6 d\u00e9cembre 2012, au studio Berthelot de Montreuil, l&rsquo;association Renc&rsquo;Art au M\u00e9li\u00e8s f\u00eate ses 10 ans.\u00c0 cette occasion, les fondateurs retracent l&rsquo;histoire de l&rsquo;association [&#8230;]<\/p>\n","protected":false},"author":8,"featured_media":0,"comment_status":"closed","ping_status":"open","sticky":false,"template":"","format":"standard","meta":{"footnotes":""},"categories":[16],"tags":[],"class_list":["post-274","post","type-post","status-publish","format-standard","hentry","category-rencartaumelies"],"_links":{"self":[{"href":"https:\/\/rencartaumelies.org\/index.php\/wp-json\/wp\/v2\/posts\/274","targetHints":{"allow":["GET"]}}],"collection":[{"href":"https:\/\/rencartaumelies.org\/index.php\/wp-json\/wp\/v2\/posts"}],"about":[{"href":"https:\/\/rencartaumelies.org\/index.php\/wp-json\/wp\/v2\/types\/post"}],"author":[{"embeddable":true,"href":"https:\/\/rencartaumelies.org\/index.php\/wp-json\/wp\/v2\/users\/8"}],"replies":[{"embeddable":true,"href":"https:\/\/rencartaumelies.org\/index.php\/wp-json\/wp\/v2\/comments?post=274"}],"version-history":[{"count":2,"href":"https:\/\/rencartaumelies.org\/index.php\/wp-json\/wp\/v2\/posts\/274\/revisions"}],"predecessor-version":[{"id":1131,"href":"https:\/\/rencartaumelies.org\/index.php\/wp-json\/wp\/v2\/posts\/274\/revisions\/1131"}],"wp:attachment":[{"href":"https:\/\/rencartaumelies.org\/index.php\/wp-json\/wp\/v2\/media?parent=274"}],"wp:term":[{"taxonomy":"category","embeddable":true,"href":"https:\/\/rencartaumelies.org\/index.php\/wp-json\/wp\/v2\/categories?post=274"},{"taxonomy":"post_tag","embeddable":true,"href":"https:\/\/rencartaumelies.org\/index.php\/wp-json\/wp\/v2\/tags?post=274"}],"curies":[{"name":"wp","href":"https:\/\/api.w.org\/{rel}","templated":true}]}}