{"id":2875,"date":"2023-01-01T19:45:28","date_gmt":"2023-01-01T18:45:28","guid":{"rendered":"http:\/\/rencartaumelies.com\/?p=2875"},"modified":"2023-07-14T21:57:42","modified_gmt":"2023-07-14T19:57:42","slug":"10e-festival-du-film-de-montreuil-remise-dt-trophee","status":"publish","type":"post","link":"https:\/\/rencartaumelies.org\/index.php\/2023\/01\/01\/10e-festival-du-film-de-montreuil-remise-dt-trophee\/","title":{"rendered":"10\u00e8 festival du film de montreuil : remise du troph\u00e9e"},"content":{"rendered":"\n<p>Dimanche 18 septembre 2022, au cin\u00e9ma Le M\u00e9li\u00e8s de Montreuil, \u00e0 la cl\u00f4ture du \u00ab\u00a010\u00e8me\u00a0\u00bb festival du Film de Montreuil, remise du Troph\u00e9e, prix du jury de l&rsquo;association de spectateurs Renc&rsquo;Art au M\u00e9li\u00e8s, partenaire de l&rsquo;organisation du festival, \u00e0 Laurent Larivi\u00e8re, Montreuillois revenu le recevoir, pour son film <em><strong>\u00c0 propos de Joan<\/strong><\/em>, en pr\u00e9sence du d\u00e9tenteur de la double Palme d&rsquo;or de Cannes, <strong>Ruben \u00d6stlund<\/strong>.<\/p>\n\n\n\n<figure class=\"wp-block-embed is-type-video is-provider-youtube wp-block-embed-youtube wp-embed-aspect-16-9 wp-has-aspect-ratio\"><div class=\"wp-block-embed__wrapper\">\n<iframe loading=\"lazy\" title=\"Remise du Trophe\u0301e 2022\" width=\"900\" height=\"506\" src=\"https:\/\/www.youtube.com\/embed\/uPgn98619aQ?feature=oembed\" frameborder=\"0\" allow=\"accelerometer; autoplay; clipboard-write; encrypted-media; gyroscope; picture-in-picture; web-share\" allowfullscreen><\/iframe>\n<\/div><\/figure>\n","protected":false},"excerpt":{"rendered":"<p>Dimanche 18 septembre 2022, au cin\u00e9ma Le M\u00e9li\u00e8s de Montreuil, \u00e0 la cl\u00f4ture du \u00ab\u00a010\u00e8me\u00a0\u00bb festival du Film de Montreuil, remise du Troph\u00e9e, prix du [&#8230;]<\/p>\n","protected":false},"author":8,"featured_media":3354,"comment_status":"closed","ping_status":"open","sticky":false,"template":"","format":"standard","meta":{"footnotes":""},"categories":[38],"tags":[75],"class_list":["post-2875","post","type-post","status-publish","format-standard","has-post-thumbnail","hentry","category-vie-du-melies","tag-10e-festival-du-fiulm-de-montreuil"],"_links":{"self":[{"href":"https:\/\/rencartaumelies.org\/index.php\/wp-json\/wp\/v2\/posts\/2875","targetHints":{"allow":["GET"]}}],"collection":[{"href":"https:\/\/rencartaumelies.org\/index.php\/wp-json\/wp\/v2\/posts"}],"about":[{"href":"https:\/\/rencartaumelies.org\/index.php\/wp-json\/wp\/v2\/types\/post"}],"author":[{"embeddable":true,"href":"https:\/\/rencartaumelies.org\/index.php\/wp-json\/wp\/v2\/users\/8"}],"replies":[{"embeddable":true,"href":"https:\/\/rencartaumelies.org\/index.php\/wp-json\/wp\/v2\/comments?post=2875"}],"version-history":[{"count":3,"href":"https:\/\/rencartaumelies.org\/index.php\/wp-json\/wp\/v2\/posts\/2875\/revisions"}],"predecessor-version":[{"id":3353,"href":"https:\/\/rencartaumelies.org\/index.php\/wp-json\/wp\/v2\/posts\/2875\/revisions\/3353"}],"wp:featuredmedia":[{"embeddable":true,"href":"https:\/\/rencartaumelies.org\/index.php\/wp-json\/wp\/v2\/media\/3354"}],"wp:attachment":[{"href":"https:\/\/rencartaumelies.org\/index.php\/wp-json\/wp\/v2\/media?parent=2875"}],"wp:term":[{"taxonomy":"category","embeddable":true,"href":"https:\/\/rencartaumelies.org\/index.php\/wp-json\/wp\/v2\/categories?post=2875"},{"taxonomy":"post_tag","embeddable":true,"href":"https:\/\/rencartaumelies.org\/index.php\/wp-json\/wp\/v2\/tags?post=2875"}],"curies":[{"name":"wp","href":"https:\/\/api.w.org\/{rel}","templated":true}]}}