{"id":2881,"date":"2023-01-01T19:55:36","date_gmt":"2023-01-01T18:55:36","guid":{"rendered":"http:\/\/rencartaumelies.com\/?p=2881"},"modified":"2023-01-01T20:05:11","modified_gmt":"2023-01-01T19:05:11","slug":"babi-yar-contexte","status":"publish","type":"post","link":"https:\/\/rencartaumelies.org\/index.php\/2023\/01\/01\/babi-yar-contexte\/","title":{"rendered":"BABI YAR, contexte"},"content":{"rendered":"\n<p>Mercredi 14 septembre 2022, au cin\u00e9ma Le M\u00e9li\u00e8s de Montreuil, en pr\u00e9ambule du \u00ab\u00a010\u00e8me\u00a0\u00bb festival du Film de Montreuil en partenariat avec l&rsquo;association Renc&rsquo;Art au M\u00e9li\u00e8s, St\u00e9phane Goudet, directeur artistique, re\u00e7oit <strong>Serge\u00ef LOZNITSA<\/strong> avant la projection, hors comp\u00e9tition de son film <strong><em>Babi Yar, contexte<\/em><\/strong>. Antoine<strong> <\/strong>SPIRE, du <strong>Pen Club<\/strong> fran\u00e7ais, compl\u00e8te cette pr\u00e9sentation.<\/p>\n\n\n\n<figure class=\"wp-block-embed is-type-video is-provider-youtube wp-block-embed-youtube wp-embed-aspect-16-9 wp-has-aspect-ratio\"><div class=\"wp-block-embed__wrapper\">\n<iframe loading=\"lazy\" title=\"Babi Yar, contexte : rencontres au Me\u0301lie\u0300s de Montreuil\" width=\"900\" height=\"506\" src=\"https:\/\/www.youtube.com\/embed\/ivodFgeUnBg?feature=oembed\" frameborder=\"0\" allow=\"accelerometer; autoplay; clipboard-write; encrypted-media; gyroscope; picture-in-picture; web-share\" allowfullscreen><\/iframe>\n<\/div><\/figure>\n","protected":false},"excerpt":{"rendered":"<p>Mercredi 14 septembre 2022, au cin\u00e9ma Le M\u00e9li\u00e8s de Montreuil, en pr\u00e9ambule du \u00ab\u00a010\u00e8me\u00a0\u00bb festival du Film de Montreuil en partenariat avec l&rsquo;association Renc&rsquo;Art au [&#8230;]<\/p>\n","protected":false},"author":8,"featured_media":2882,"comment_status":"closed","ping_status":"open","sticky":false,"template":"","format":"standard","meta":{"footnotes":""},"categories":[4],"tags":[75,59],"class_list":["post-2881","post","type-post","status-publish","format-standard","has-post-thumbnail","hentry","category-rencontres-filmes","tag-10e-festival-du-fiulm-de-montreuil","tag-documentaire"],"_links":{"self":[{"href":"https:\/\/rencartaumelies.org\/index.php\/wp-json\/wp\/v2\/posts\/2881","targetHints":{"allow":["GET"]}}],"collection":[{"href":"https:\/\/rencartaumelies.org\/index.php\/wp-json\/wp\/v2\/posts"}],"about":[{"href":"https:\/\/rencartaumelies.org\/index.php\/wp-json\/wp\/v2\/types\/post"}],"author":[{"embeddable":true,"href":"https:\/\/rencartaumelies.org\/index.php\/wp-json\/wp\/v2\/users\/8"}],"replies":[{"embeddable":true,"href":"https:\/\/rencartaumelies.org\/index.php\/wp-json\/wp\/v2\/comments?post=2881"}],"version-history":[{"count":2,"href":"https:\/\/rencartaumelies.org\/index.php\/wp-json\/wp\/v2\/posts\/2881\/revisions"}],"predecessor-version":[{"id":2888,"href":"https:\/\/rencartaumelies.org\/index.php\/wp-json\/wp\/v2\/posts\/2881\/revisions\/2888"}],"wp:featuredmedia":[{"embeddable":true,"href":"https:\/\/rencartaumelies.org\/index.php\/wp-json\/wp\/v2\/media\/2882"}],"wp:attachment":[{"href":"https:\/\/rencartaumelies.org\/index.php\/wp-json\/wp\/v2\/media?parent=2881"}],"wp:term":[{"taxonomy":"category","embeddable":true,"href":"https:\/\/rencartaumelies.org\/index.php\/wp-json\/wp\/v2\/categories?post=2881"},{"taxonomy":"post_tag","embeddable":true,"href":"https:\/\/rencartaumelies.org\/index.php\/wp-json\/wp\/v2\/tags?post=2881"}],"curies":[{"name":"wp","href":"https:\/\/api.w.org\/{rel}","templated":true}]}}