{"id":2900,"date":"2023-01-01T20:28:01","date_gmt":"2023-01-01T19:28:01","guid":{"rendered":"http:\/\/rencartaumelies.com\/?p=2900"},"modified":"2023-01-01T20:28:02","modified_gmt":"2023-01-01T19:28:02","slug":"les-secrets-de-mon-pere","status":"publish","type":"post","link":"https:\/\/rencartaumelies.org\/index.php\/2023\/01\/01\/les-secrets-de-mon-pere\/","title":{"rendered":"LES SECRETS DE MON P\u00c8RE"},"content":{"rendered":"\n<p>Samedi 17 septembre 2022, au cin\u00e9ma Le M\u00e9li\u00e8s, dans le cadre du \u00ab\u00a010\u00e8me\u00a0\u00bb festival du Film de Montreuil en partenariat avec l&rsquo;association Renc&rsquo;Art au M\u00e9li\u00e8s, Alan CHIKHE, programmateur jeune public, re\u00e7oit le producteur Marc JOUSSET (<em>On est bien content<\/em>) et la sc\u00e9nariste Val\u00e9rie ZENATTI, pour la projection en avant-premi\u00e8re du film <strong><em>Les secrets de mon p\u00e8re<\/em><\/strong> de <strong>V\u00e9ra BELMONT<\/strong>. Rencontre des spectateurs\u2026<\/p>\n\n\n\n<figure class=\"wp-block-embed is-type-video is-provider-youtube wp-block-embed-youtube wp-embed-aspect-16-9 wp-has-aspect-ratio\"><div class=\"wp-block-embed__wrapper\">\n<iframe loading=\"lazy\" title=\"Les secrets de mon pe\u0300re : rencontres au Me\u0301lie\u0300s de Montreuil\" width=\"900\" height=\"506\" src=\"https:\/\/www.youtube.com\/embed\/DzTmG0YpXPQ?feature=oembed\" frameborder=\"0\" allow=\"accelerometer; autoplay; clipboard-write; encrypted-media; gyroscope; picture-in-picture; web-share\" allowfullscreen><\/iframe>\n<\/div><\/figure>\n","protected":false},"excerpt":{"rendered":"<p>Samedi 17 septembre 2022, au cin\u00e9ma Le M\u00e9li\u00e8s, dans le cadre du \u00ab\u00a010\u00e8me\u00a0\u00bb festival du Film de Montreuil en partenariat avec l&rsquo;association Renc&rsquo;Art au M\u00e9li\u00e8s, [&#8230;]<\/p>\n","protected":false},"author":8,"featured_media":2901,"comment_status":"closed","ping_status":"open","sticky":false,"template":"","format":"standard","meta":{"footnotes":""},"categories":[4],"tags":[75],"class_list":["post-2900","post","type-post","status-publish","format-standard","has-post-thumbnail","hentry","category-rencontres-filmes","tag-10e-festival-du-fiulm-de-montreuil"],"_links":{"self":[{"href":"https:\/\/rencartaumelies.org\/index.php\/wp-json\/wp\/v2\/posts\/2900","targetHints":{"allow":["GET"]}}],"collection":[{"href":"https:\/\/rencartaumelies.org\/index.php\/wp-json\/wp\/v2\/posts"}],"about":[{"href":"https:\/\/rencartaumelies.org\/index.php\/wp-json\/wp\/v2\/types\/post"}],"author":[{"embeddable":true,"href":"https:\/\/rencartaumelies.org\/index.php\/wp-json\/wp\/v2\/users\/8"}],"replies":[{"embeddable":true,"href":"https:\/\/rencartaumelies.org\/index.php\/wp-json\/wp\/v2\/comments?post=2900"}],"version-history":[{"count":1,"href":"https:\/\/rencartaumelies.org\/index.php\/wp-json\/wp\/v2\/posts\/2900\/revisions"}],"predecessor-version":[{"id":2902,"href":"https:\/\/rencartaumelies.org\/index.php\/wp-json\/wp\/v2\/posts\/2900\/revisions\/2902"}],"wp:featuredmedia":[{"embeddable":true,"href":"https:\/\/rencartaumelies.org\/index.php\/wp-json\/wp\/v2\/media\/2901"}],"wp:attachment":[{"href":"https:\/\/rencartaumelies.org\/index.php\/wp-json\/wp\/v2\/media?parent=2900"}],"wp:term":[{"taxonomy":"category","embeddable":true,"href":"https:\/\/rencartaumelies.org\/index.php\/wp-json\/wp\/v2\/categories?post=2900"},{"taxonomy":"post_tag","embeddable":true,"href":"https:\/\/rencartaumelies.org\/index.php\/wp-json\/wp\/v2\/tags?post=2900"}],"curies":[{"name":"wp","href":"https:\/\/api.w.org\/{rel}","templated":true}]}}