{"id":3073,"date":"2023-05-07T16:41:46","date_gmt":"2023-05-07T14:41:46","guid":{"rendered":"https:\/\/rencartaumelies.com\/?p=3073"},"modified":"2023-05-07T16:41:47","modified_gmt":"2023-05-07T14:41:47","slug":"la-marginale","status":"publish","type":"post","link":"https:\/\/rencartaumelies.org\/index.php\/2023\/05\/07\/la-marginale\/","title":{"rendered":"La marginale"},"content":{"rendered":"\n<p>Samedi 29 avril 2023, au cin\u00e9ma Le M\u00e9li\u00e8s de Montreuil, Marie BOUDON, programmatrice, re\u00e7oit <strong>Corinne MASIERO <\/strong>et <strong>Vincent CHALAMBERT<\/strong>, le r\u00e9alisateur <strong>Franck CIMI\u00c8RE<\/strong>, accompagn\u00e9s de l&rsquo;\u00e9quipe du film et des repr\u00e9sentants de l&rsquo;agence Cristal, pour la projection de <strong><em>La marginale<\/em><\/strong>. Nombreux t\u00e9moignages des acteurs de la compagnie Cristal qui sont en situation de handicap.<\/p>\n\n\n\n<figure class=\"wp-block-embed is-type-video is-provider-youtube wp-block-embed-youtube wp-embed-aspect-16-9 wp-has-aspect-ratio\"><div class=\"wp-block-embed__wrapper\">\n<iframe loading=\"lazy\" title=\"La marginale : rencontres au Me\u0301lie\u0300s de Montreuil\" width=\"900\" height=\"506\" src=\"https:\/\/www.youtube.com\/embed\/b-Pjiu8wJRs?feature=oembed\" frameborder=\"0\" allow=\"accelerometer; autoplay; clipboard-write; encrypted-media; gyroscope; picture-in-picture; web-share\" allowfullscreen><\/iframe>\n<\/div><\/figure>\n","protected":false},"excerpt":{"rendered":"<p>Samedi 29 avril 2023, au cin\u00e9ma Le M\u00e9li\u00e8s de Montreuil, Marie BOUDON, programmatrice, re\u00e7oit Corinne MASIERO et Vincent CHALAMBERT, le r\u00e9alisateur Franck CIMI\u00c8RE, accompagn\u00e9s de [&#8230;]<\/p>\n","protected":false},"author":3,"featured_media":3074,"comment_status":"closed","ping_status":"open","sticky":false,"template":"","format":"standard","meta":{"footnotes":""},"categories":[4],"tags":[],"class_list":["post-3073","post","type-post","status-publish","format-standard","has-post-thumbnail","hentry","category-rencontres-filmes"],"_links":{"self":[{"href":"https:\/\/rencartaumelies.org\/index.php\/wp-json\/wp\/v2\/posts\/3073","targetHints":{"allow":["GET"]}}],"collection":[{"href":"https:\/\/rencartaumelies.org\/index.php\/wp-json\/wp\/v2\/posts"}],"about":[{"href":"https:\/\/rencartaumelies.org\/index.php\/wp-json\/wp\/v2\/types\/post"}],"author":[{"embeddable":true,"href":"https:\/\/rencartaumelies.org\/index.php\/wp-json\/wp\/v2\/users\/3"}],"replies":[{"embeddable":true,"href":"https:\/\/rencartaumelies.org\/index.php\/wp-json\/wp\/v2\/comments?post=3073"}],"version-history":[{"count":1,"href":"https:\/\/rencartaumelies.org\/index.php\/wp-json\/wp\/v2\/posts\/3073\/revisions"}],"predecessor-version":[{"id":3075,"href":"https:\/\/rencartaumelies.org\/index.php\/wp-json\/wp\/v2\/posts\/3073\/revisions\/3075"}],"wp:featuredmedia":[{"embeddable":true,"href":"https:\/\/rencartaumelies.org\/index.php\/wp-json\/wp\/v2\/media\/3074"}],"wp:attachment":[{"href":"https:\/\/rencartaumelies.org\/index.php\/wp-json\/wp\/v2\/media?parent=3073"}],"wp:term":[{"taxonomy":"category","embeddable":true,"href":"https:\/\/rencartaumelies.org\/index.php\/wp-json\/wp\/v2\/categories?post=3073"},{"taxonomy":"post_tag","embeddable":true,"href":"https:\/\/rencartaumelies.org\/index.php\/wp-json\/wp\/v2\/tags?post=3073"}],"curies":[{"name":"wp","href":"https:\/\/api.w.org\/{rel}","templated":true}]}}