{"id":5313,"date":"2024-04-07T20:33:51","date_gmt":"2024-04-07T18:33:51","guid":{"rendered":"https:\/\/rencartaumelies.org\/?p=5313"},"modified":"2024-05-04T23:24:46","modified_gmt":"2024-05-04T21:24:46","slug":"rencontre-avec-nicolas-philibert-et-linda-de-zitter","status":"publish","type":"post","link":"https:\/\/rencartaumelies.org\/index.php\/2024\/04\/07\/rencontre-avec-nicolas-philibert-et-linda-de-zitter\/","title":{"rendered":"Averro\u00e8s et Rosa Parks"},"content":{"rendered":"\n<p>Mardi 2 avril 2024, juste apr\u00e8s le g\u00e9n\u00e9rique de fin de <em>Averro\u00e8s et Rosa Parks<\/em>, le documentaire de Nicolas Philibert, le r\u00e9alisateur est arriv\u00e9 dans la salle 3 avec Linda de Zitter, une psychologue et psychanalyste, devant nous. Ils se sont pr\u00e9sent\u00e9s tout seuls parce que St\u00e9phane Goudet, le directeur artistique du M\u00e9li\u00e8s qui devait animer le d\u00e9bat, avait un petit retard. Vite combl\u00e9, il est arriv\u00e9 pour leur poser quelques questions et donner la parole au public. Riche \u00e9change qui compl\u00e8te la vision de ce magnifique documentaire, un de plus dans sa belle filmographie.<\/p>\n\n\n\n<figure class=\"wp-block-embed is-type-video is-provider-youtube wp-block-embed-youtube wp-embed-aspect-16-9 wp-has-aspect-ratio\"><div class=\"wp-block-embed__wrapper\">\n<iframe loading=\"lazy\" title=\"Nicolas Philibert au M\u00e9li\u00e8s de Montreuil pour &quot;Averro\u00e8s et Rosa Parks&quot;\" width=\"900\" height=\"506\" src=\"https:\/\/www.youtube.com\/embed\/B8hIg7q6ANs?feature=oembed\" frameborder=\"0\" allow=\"accelerometer; autoplay; clipboard-write; encrypted-media; gyroscope; picture-in-picture; web-share\" referrerpolicy=\"strict-origin-when-cross-origin\" allowfullscreen><\/iframe>\n<\/div><\/figure>\n\n\n\n<p class=\"has-text-align-left has-black-color has-text-color has-link-color has-small-font-size wp-elements-1db0db0c0193a9d2a25b5770cf98a91a\">Un an plus t\u00f4t, le 3 avril 2023, Nicolas Philibert \u00e9tait venu pr\u00e9senter <a href=\"https:\/\/rencartaumelies.org\/index.php\/2023\/05\/07\/sur-ladamant\/\">Sur L&rsquo;Adamant<\/a> et juste apr\u00e8s <em>Averro\u00e8s et Rosa Parks<\/em>, il a pr\u00e9sent\u00e9 <a href=\"https:\/\/rencartaumelies.org\/index.php\/2024\/04\/13\/la-machine-a-ecrire-et-autres-sources-de-tracas\/\">La Machine \u00e0 \u00e9crire et autres sources de tracas<\/a>.<\/p>\n\n\n\n<p>Ne manquez pas <a href=\"https:\/\/rencartaumelies.org\/index.php\/2024\/04\/15\/avez-vous-vu-la-moindre-des-choses-de-nicolas-philibert-ainsi-que-sa-trilogie-en-milieu-psychiatrique\/\">le texte<\/a> de notre administratrice Sylvie Boursier sur les quatre films que Nicolas Philibert a consacr\u00e9s \u00e0 la psychiatrie institutionnelle.<\/p>\n\n\n\n<p>Dossier de presse : <\/p>\n\n\n\n<div data-wp-interactive=\"core\/file\" class=\"wp-block-file\"><object data-wp-bind--hidden=\"!state.hasPdfPreview\" hidden class=\"wp-block-file__embed\" data=\"https:\/\/rencartaumelies.org\/wp-content\/uploads\/2024\/05\/averroes-et-rosa-parks-dossier-de-presse-francais.pdf\" type=\"application\/pdf\" style=\"width:100%;height:600px\" aria-label=\"Contenu embarqu\u00e9 averroes-et-rosa-parks-dossier-de-presse-francais.\"><\/object><a id=\"wp-block-file--media-77c45947-fcf0-4f7d-a29b-c4cf66e82d64\" href=\"https:\/\/rencartaumelies.org\/wp-content\/uploads\/2024\/05\/averroes-et-rosa-parks-dossier-de-presse-francais.pdf\">averroes-et-rosa-parks-dossier-de-presse-francais<\/a><a href=\"https:\/\/rencartaumelies.org\/wp-content\/uploads\/2024\/05\/averroes-et-rosa-parks-dossier-de-presse-francais.pdf\" class=\"wp-block-file__button wp-element-button\" download aria-describedby=\"wp-block-file--media-77c45947-fcf0-4f7d-a29b-c4cf66e82d64\">T\u00e9l\u00e9charger<\/a><\/div>\n","protected":false},"excerpt":{"rendered":"<p>Mardi 2 avril 2024, juste apr\u00e8s le g\u00e9n\u00e9rique de fin de Averro\u00e8s et Rosa Parks, le documentaire de Nicolas Philibert, le r\u00e9alisateur est arriv\u00e9 dans [&#8230;]<\/p>\n","protected":false},"author":54,"featured_media":5314,"comment_status":"closed","ping_status":"open","sticky":false,"template":"","format":"standard","meta":{"footnotes":""},"categories":[4],"tags":[],"class_list":["post-5313","post","type-post","status-publish","format-standard","has-post-thumbnail","hentry","category-rencontres-filmes"],"_links":{"self":[{"href":"https:\/\/rencartaumelies.org\/index.php\/wp-json\/wp\/v2\/posts\/5313","targetHints":{"allow":["GET"]}}],"collection":[{"href":"https:\/\/rencartaumelies.org\/index.php\/wp-json\/wp\/v2\/posts"}],"about":[{"href":"https:\/\/rencartaumelies.org\/index.php\/wp-json\/wp\/v2\/types\/post"}],"author":[{"embeddable":true,"href":"https:\/\/rencartaumelies.org\/index.php\/wp-json\/wp\/v2\/users\/54"}],"replies":[{"embeddable":true,"href":"https:\/\/rencartaumelies.org\/index.php\/wp-json\/wp\/v2\/comments?post=5313"}],"version-history":[{"count":7,"href":"https:\/\/rencartaumelies.org\/index.php\/wp-json\/wp\/v2\/posts\/5313\/revisions"}],"predecessor-version":[{"id":5436,"href":"https:\/\/rencartaumelies.org\/index.php\/wp-json\/wp\/v2\/posts\/5313\/revisions\/5436"}],"wp:featuredmedia":[{"embeddable":true,"href":"https:\/\/rencartaumelies.org\/index.php\/wp-json\/wp\/v2\/media\/5314"}],"wp:attachment":[{"href":"https:\/\/rencartaumelies.org\/index.php\/wp-json\/wp\/v2\/media?parent=5313"}],"wp:term":[{"taxonomy":"category","embeddable":true,"href":"https:\/\/rencartaumelies.org\/index.php\/wp-json\/wp\/v2\/categories?post=5313"},{"taxonomy":"post_tag","embeddable":true,"href":"https:\/\/rencartaumelies.org\/index.php\/wp-json\/wp\/v2\/tags?post=5313"}],"curies":[{"name":"wp","href":"https:\/\/api.w.org\/{rel}","templated":true}]}}