{"id":5338,"date":"2024-04-13T17:20:00","date_gmt":"2024-04-13T15:20:00","guid":{"rendered":"https:\/\/rencartaumelies.org\/?p=5338"},"modified":"2024-04-28T10:00:46","modified_gmt":"2024-04-28T08:00:46","slug":"la-machine-a-ecrire-et-autres-sources-de-tracas","status":"publish","type":"post","link":"https:\/\/rencartaumelies.org\/index.php\/2024\/04\/13\/la-machine-a-ecrire-et-autres-sources-de-tracas\/","title":{"rendered":"LA MACHINE \u00c0 \u00c9CRIRE ET AUTRES SOURCES DE TRACAS"},"content":{"rendered":"\n<p>Mardi 2 avril 2024, au cin\u00e9ma Le M\u00e9li\u00e8s de Montreuil, St\u00e9phane GOUDET, directeur artistique, re\u00e7oit le r\u00e9alisateur Nicolas PHILIBERT, accompagn\u00e9 de la psychanalyste Linda de ZITTER, pour la projection en avant-premi\u00e8re du film <em><strong>La machine \u00e0 \u00e9crire et autres sources de tracas.<\/strong><\/em><\/p>\n\n\n\n<figure class=\"wp-block-embed is-type-video is-provider-youtube wp-block-embed-youtube wp-embed-aspect-16-9 wp-has-aspect-ratio\"><div class=\"wp-block-embed__wrapper\">\n<iframe loading=\"lazy\" title=\"Machine a\u0300 e\u0301crire... : rencontres au Me\u0301lie\u0300s de Montreuil\" width=\"900\" height=\"506\" src=\"https:\/\/www.youtube.com\/embed\/tpyyGFXOeTE?feature=oembed\" frameborder=\"0\" allow=\"accelerometer; autoplay; clipboard-write; encrypted-media; gyroscope; picture-in-picture; web-share\" referrerpolicy=\"strict-origin-when-cross-origin\" allowfullscreen><\/iframe>\n<\/div><\/figure>\n\n\n\n<h1 class=\"wp-block-heading has-text-align-center\"><a href=\"https:\/\/medias.unifrance.org\/medias\/126\/59\/277374\/presse\/la-machine-a-ecrire-et-autres-sources-de-tracas-dossier-de-presse-francais.pdf\">DOSSIER DE PRESSE<\/a><\/h1>\n\n\n\n<p>Un an plus t\u00f4t, le 3 avril 2023, Nicolas Philibert \u00e9tait venu pr\u00e9senter <a href=\"https:\/\/rencartaumelies.org\/index.php\/2023\/05\/07\/sur-ladamant\/\">Sur L&rsquo;Adamant<\/a> et juste avant <em>La machine \u00e0 \u00e9crire&#8230;<\/em>, il a pr\u00e9sent\u00e9 <a href=\"https:\/\/rencartaumelies.org\/index.php\/2024\/04\/07\/rencontre-avec-nicolas-philibert-et-linda-de-zitter\/\">Averro\u00e8s et Rosa Parks<\/a>.<\/p>\n\n\n\n<p>Ne manquez pas <a href=\"https:\/\/rencartaumelies.org\/index.php\/2024\/04\/15\/avez-vous-vu-la-moindre-des-choses-de-nicolas-philibert-ainsi-que-sa-trilogie-en-milieu-psychiatrique\/\">le texte<\/a> de notre administratrice Sylvie Boursier sur les quatre films que Nicolas Philibert a consacr\u00e9s \u00e0 la psychiatrie institutionnelle.<\/p>\n","protected":false},"excerpt":{"rendered":"<p>Mardi 2 avril 2024, au cin\u00e9ma Le M\u00e9li\u00e8s de Montreuil, St\u00e9phane GOUDET, directeur artistique, re\u00e7oit le r\u00e9alisateur Nicolas PHILIBERT, accompagn\u00e9 de la psychanalyste Linda de [&#8230;]<\/p>\n","protected":false},"author":8,"featured_media":5339,"comment_status":"closed","ping_status":"open","sticky":false,"template":"","format":"standard","meta":{"footnotes":""},"categories":[4],"tags":[],"class_list":["post-5338","post","type-post","status-publish","format-standard","has-post-thumbnail","hentry","category-rencontres-filmes"],"_links":{"self":[{"href":"https:\/\/rencartaumelies.org\/index.php\/wp-json\/wp\/v2\/posts\/5338","targetHints":{"allow":["GET"]}}],"collection":[{"href":"https:\/\/rencartaumelies.org\/index.php\/wp-json\/wp\/v2\/posts"}],"about":[{"href":"https:\/\/rencartaumelies.org\/index.php\/wp-json\/wp\/v2\/types\/post"}],"author":[{"embeddable":true,"href":"https:\/\/rencartaumelies.org\/index.php\/wp-json\/wp\/v2\/users\/8"}],"replies":[{"embeddable":true,"href":"https:\/\/rencartaumelies.org\/index.php\/wp-json\/wp\/v2\/comments?post=5338"}],"version-history":[{"count":5,"href":"https:\/\/rencartaumelies.org\/index.php\/wp-json\/wp\/v2\/posts\/5338\/revisions"}],"predecessor-version":[{"id":5400,"href":"https:\/\/rencartaumelies.org\/index.php\/wp-json\/wp\/v2\/posts\/5338\/revisions\/5400"}],"wp:featuredmedia":[{"embeddable":true,"href":"https:\/\/rencartaumelies.org\/index.php\/wp-json\/wp\/v2\/media\/5339"}],"wp:attachment":[{"href":"https:\/\/rencartaumelies.org\/index.php\/wp-json\/wp\/v2\/media?parent=5338"}],"wp:term":[{"taxonomy":"category","embeddable":true,"href":"https:\/\/rencartaumelies.org\/index.php\/wp-json\/wp\/v2\/categories?post=5338"},{"taxonomy":"post_tag","embeddable":true,"href":"https:\/\/rencartaumelies.org\/index.php\/wp-json\/wp\/v2\/tags?post=5338"}],"curies":[{"name":"wp","href":"https:\/\/api.w.org\/{rel}","templated":true}]}}