{"id":5666,"date":"2024-07-11T20:02:00","date_gmt":"2024-07-11T18:02:00","guid":{"rendered":"https:\/\/rencartaumelies.org\/?p=5666"},"modified":"2024-07-11T20:02:00","modified_gmt":"2024-07-11T18:02:00","slug":"el-professor-de-maria-alche-et-benjamin-naishat","status":"publish","type":"post","link":"https:\/\/rencartaumelies.org\/index.php\/2024\/07\/11\/el-professor-de-maria-alche-et-benjamin-naishat\/","title":{"rendered":"EL PROFESSOR de Maria Alch\u00e9 et Benjamin Naishat"},"content":{"rendered":"\n<figure class=\"wp-block-image size-large is-resized\"><img loading=\"lazy\" decoding=\"async\" width=\"1024\" height=\"548\" src=\"https:\/\/rencartaumelies.org\/wp-content\/uploads\/2024\/07\/el_profesor-13-1024x548.jpg\" alt=\"\" class=\"wp-image-5667\" style=\"width:901px;height:auto\" srcset=\"https:\/\/rencartaumelies.org\/wp-content\/uploads\/2024\/07\/el_profesor-13-1024x548.jpg 1024w, https:\/\/rencartaumelies.org\/wp-content\/uploads\/2024\/07\/el_profesor-13-300x161.jpg 300w, https:\/\/rencartaumelies.org\/wp-content\/uploads\/2024\/07\/el_profesor-13-768x411.jpg 768w, https:\/\/rencartaumelies.org\/wp-content\/uploads\/2024\/07\/el_profesor-13.jpg 1254w\" sizes=\"auto, (max-width: 1024px) 100vw, 1024px\" \/><figcaption class=\"wp-element-caption\">Variantes de l&rsquo;affiche originale du film, bien plus inspir\u00e9es que l&rsquo;affiche fran\u00e7aise&#8230;<\/figcaption><\/figure>\n\n\n\n<p>Benjamin Naishat \u00e9tait pr\u00e9sent au festival de la Rochelle pour pr\u00e9senter son dernier film co-r\u00e9alis\u00e9 avec Maria Alch\u00e9.<\/p>\n\n\n\n<p>Contrairement \u00e0 ses 3 films pr\u00e9c\u00e9dents (<em>Histoire de la peur<\/em>, <em>El Movimiento <\/em>et <em>Rojo<\/em>), qui \u00e9taient sur un registre dramatique, <em><strong>El Profesor <\/strong><\/em>est une com\u00e9die satirique qui se d\u00e9roule uniquement dans la ville de Buenos Aires et dans un p\u00e9rim\u00e8tre proche de l&rsquo;universit\u00e9 de Puan.<\/p>\n\n\n\n<p>Durant sa conf\u00e9rence, le r\u00e9alisateur dit : \u00ab\u00a0<em>Nous sommes partis de la tension qui existe entre le fait que les sciences humaines, en particulier la philosophie qui est une science suppos\u00e9e poser les questions les plus essentielles, continuent \u00e0 \u00eatre enseign\u00e9es, \u00e9tudi\u00e9es pendant de longues ann\u00e9es, et la p\u00e9riode que traverse ce pays <\/em>(l&rsquo;Argentine)<em> qui s &lsquo;effondre, et qui va \u00e0 l\u2019encontre du questionnement m\u00eame des choses. Nous nous sommes dit que c &lsquo;est comique, voire absurde de mettre en sc\u00e8ne un philosophe dans ce contexte.<\/em>\u00a0\u00bb<\/p>\n\n\n\n<p>De fait, on s&rsquo;amuse beaucoup, souvent aux d\u00e9pens de Marcelo, profond\u00e9ment humain, sympathique, maladroit et touchant, empreint de la l\u00e9gendaire nostalgie port\u00e8gne (de Buenos Aires).<\/p>\n\n\n\n<p>En plus de ses cours \u00e0 la facult\u00e9 \u2013 toujours pay\u00e9s en retard \u2013 comme beaucoup de ses coll\u00e8gues et compatriotes il doit faire des boulots d&rsquo;appoint pas toujours gratifiants et parfois ubuesques.<\/p>\n\n\n\n<p>Lorsqu&rsquo;il est pressenti pour reprendre la chaire de son mentor brutalement d\u00e9c\u00e9d\u00e9 appara\u00eet Rafael, un bell\u00e2tre outrecuidant, certes argentin mais qui a fait sa carri\u00e8re en Allemagne et cite Heidegger dans le texte. Pour lui,\u00a0le vin et les empanadas sont les seules bonnes choses dans ce pays \u00e0 part sa fianc\u00e9e, jeune actrice en vogue dont bien sur Marcelo n&rsquo;a jamais entendu parler !<\/p>\n\n\n\n<p>Marcelo est int\u00e8gre, il aime sa famille, ses \u00e9tudiants, sa ville fourmillante.<br>Ma sc\u00e8ne pr\u00e9f\u00e9r\u00e9e est celle o\u00f9 il se confond en excuses apr\u00e8s avoir pris une femme indig\u00e8ne \u2013 c &lsquo;est ainsi qu&rsquo;on appelle en Argentine les descendants d&rsquo;Indiens, ce qui pour des Europ\u00e9ens est p\u00e9joratif \u2013 pour une domestique alors qu&rsquo;elle est une grande professeure de philosophie en Bolivie. C &lsquo;est cela aussi, l&rsquo;Argentine&#8230;<\/p>\n\n\n\n<p>Les sc\u00e8nes finales (qu&rsquo;on ne racontera pas) mettent en exergue la r\u00e9alit\u00e9 politique, \u00e9conomique et sociale que traverse le pays, mais surtout l&rsquo;humanit\u00e9, le sens de la justice, la d\u00e9licatesse, la po\u00e9sie, en un mot le sursaut del profesor.<\/p>\n\n\n\n<p>Marie-Christine<\/p>\n\n\n\n<figure class=\"wp-block-image size-large\"><img loading=\"lazy\" decoding=\"async\" width=\"1024\" height=\"578\" src=\"https:\/\/rencartaumelies.org\/wp-content\/uploads\/2024\/07\/el_profesor-14-1024x578.jpg\" alt=\"\" class=\"wp-image-5668\" srcset=\"https:\/\/rencartaumelies.org\/wp-content\/uploads\/2024\/07\/el_profesor-14-1024x578.jpg 1024w, https:\/\/rencartaumelies.org\/wp-content\/uploads\/2024\/07\/el_profesor-14-300x169.jpg 300w, https:\/\/rencartaumelies.org\/wp-content\/uploads\/2024\/07\/el_profesor-14-768x433.jpg 768w, https:\/\/rencartaumelies.org\/wp-content\/uploads\/2024\/07\/el_profesor-14.jpg 1287w\" sizes=\"auto, (max-width: 1024px) 100vw, 1024px\" \/><\/figure>\n","protected":false},"excerpt":{"rendered":"<p>Benjamin Naishat \u00e9tait pr\u00e9sent au festival de la Rochelle pour pr\u00e9senter son dernier film co-r\u00e9alis\u00e9 avec Maria Alch\u00e9. Contrairement \u00e0 ses 3 films pr\u00e9c\u00e9dents (Histoire [&#8230;]<\/p>\n","protected":false},"author":54,"featured_media":5669,"comment_status":"closed","ping_status":"open","sticky":false,"template":"","format":"standard","meta":{"footnotes":""},"categories":[5],"tags":[],"class_list":["post-5666","post","type-post","status-publish","format-standard","has-post-thumbnail","hentry","category-passion"],"_links":{"self":[{"href":"https:\/\/rencartaumelies.org\/index.php\/wp-json\/wp\/v2\/posts\/5666","targetHints":{"allow":["GET"]}}],"collection":[{"href":"https:\/\/rencartaumelies.org\/index.php\/wp-json\/wp\/v2\/posts"}],"about":[{"href":"https:\/\/rencartaumelies.org\/index.php\/wp-json\/wp\/v2\/types\/post"}],"author":[{"embeddable":true,"href":"https:\/\/rencartaumelies.org\/index.php\/wp-json\/wp\/v2\/users\/54"}],"replies":[{"embeddable":true,"href":"https:\/\/rencartaumelies.org\/index.php\/wp-json\/wp\/v2\/comments?post=5666"}],"version-history":[{"count":1,"href":"https:\/\/rencartaumelies.org\/index.php\/wp-json\/wp\/v2\/posts\/5666\/revisions"}],"predecessor-version":[{"id":5670,"href":"https:\/\/rencartaumelies.org\/index.php\/wp-json\/wp\/v2\/posts\/5666\/revisions\/5670"}],"wp:featuredmedia":[{"embeddable":true,"href":"https:\/\/rencartaumelies.org\/index.php\/wp-json\/wp\/v2\/media\/5669"}],"wp:attachment":[{"href":"https:\/\/rencartaumelies.org\/index.php\/wp-json\/wp\/v2\/media?parent=5666"}],"wp:term":[{"taxonomy":"category","embeddable":true,"href":"https:\/\/rencartaumelies.org\/index.php\/wp-json\/wp\/v2\/categories?post=5666"},{"taxonomy":"post_tag","embeddable":true,"href":"https:\/\/rencartaumelies.org\/index.php\/wp-json\/wp\/v2\/tags?post=5666"}],"curies":[{"name":"wp","href":"https:\/\/api.w.org\/{rel}","templated":true}]}}