{"id":712,"date":"2021-01-25T10:41:06","date_gmt":"2021-01-25T09:41:06","guid":{"rendered":"http:\/\/rencartaumelies.com\/?page_id=712"},"modified":"2025-06-04T11:38:44","modified_gmt":"2025-06-04T09:38:44","slug":"histoire-de-lassociation-annee-14","status":"publish","type":"post","link":"https:\/\/rencartaumelies.org\/index.php\/2021\/01\/25\/histoire-de-lassociation-annee-14\/","title":{"rendered":"Histoire de l&rsquo;association &#8211; ann\u00e9e 14"},"content":{"rendered":"\n<p><mark style=\"background-color:rgba(0, 0, 0, 0)\" class=\"has-inline-color has-black-color\">La <strong>quatorzi\u00e8me ann\u00e9e<\/strong> d&rsquo;exercice de l&rsquo;association s&rsquo;est d\u00e9roul\u00e9e de <strong>septembre 2015 \u00e0 ao\u00fbt 2016<\/strong>. Num\u00e9rotation des cartes 14-0000.<\/mark><\/p>\n\n\n\n<p><mark style=\"background-color:rgba(0, 0, 0, 0)\" class=\"has-inline-color has-black-color\"><strong>Administrateurs \u00e9lus<\/strong> : Thibaut AMANT ; Georges BERTRAND ; Sylvie BEURLEY ; Marie-Jo BLONCOURT ; G\u00e9rard BOUMGHAR ; R\u00e9gine CIPRUT ; Marie-Madeleine CORNI\u00c8RES ; Luce GARCIA ; Catherine GIFFARD ; Jean-Louis LE GALL ; Marjorie LEIRE ; Karine LONDE ; Fran\u00e7ois MIRANDA ; Marie-Jeanne MOUSSARD ; Fran\u00e7ois PAUMARD ; Michel PODGOURSKY ; Mireille RAINGUEZ ; Sylvie ROUX ; Dominique ROUFF ; Agn\u00e8s TRICOT<br><strong>Bureau<\/strong> : Pr\u00e9sidente Marie-Madeleine CORNI\u00c8RES [+ Line GRUYER \u00ab\u00a0charg\u00e9e de mission aupr\u00e8s de la pr\u00e9sidente\u00a0\u00bb \u00e0 titre exceptionnel : elle avait omis de renouveler sa candidature au CA\u2026] ; Vice-pr\u00e9sident Georges BERTRAND ; Vice-pr\u00e9sident Jean-Louis LE GALL ; Secr\u00e9taire Catherine GIFFARD ; Secr\u00e9taire adjoint Fran\u00e7ois MIRANDA ; Tr\u00e9sorier Michel PODGOURSKY ; Tr\u00e9sori\u00e8re adjointe Mireille RAINGUEZ ; Communication Thibaut AMANT, Sylvie BEURLEY et Marie-Jo BLONCOURT ; Relations publiques et vie associative : G\u00e9rard BOUMGHAR et Marie-Jeanne MOUSSARD ; Festivit\u00e9s : R\u00e9gine CIPRUT, Marjorie LEIRE, Fran\u00e7ois PAUMARD et Sylvie ROUX ; contr\u00f4le des comptes : Martine MERCIER et Mich\u00e8le SOURIEAU<\/mark><\/p>\n\n\n\n<p><mark style=\"background-color:rgba(0, 0, 0, 0)\" class=\"has-inline-color has-black-color\">Les couleurs utilis\u00e9es marquent les diff\u00e9rents types d&rsquo;\u00e9volution, suivant la norme suivante : <strong>en noir les activit\u00e9s statutaires<\/strong>,<\/mark> <strong><strong><mark style=\"background-color:rgba(0, 0, 0, 0);color:#0c7eb2\" class=\"has-inline-color\">en bleu les activit\u00e9s associatives<\/mark><\/strong><\/strong>, <strong><mark style=\"background-color:rgba(0, 0, 0, 0)\" class=\"has-inline-color has-vivid-red-color\">en rouge ce qui concerne le cin\u00e9ma<\/mark><\/strong>, <strong><mark style=\"background-color:rgba(0, 0, 0, 0);color:#c96106\" class=\"has-inline-color\">en orange les institutions<\/mark><\/strong> et <strong><mark style=\"background-color:rgba(0, 0, 0, 0);color:#237604\" class=\"has-inline-color\">en vert toutes les autres \u00e9volutions<\/mark><\/strong>.<\/p>\n\n\n\n<figure class=\"wp-block-table alignwide\"><table><tbody><tr><td><\/td><td><a href=\"http:\/\/rencartaumelies.com\/wp-content\/uploads\/2021\/08\/15-09-01-adh.pdf\"><strong>Bulletin d&rsquo;adh<\/strong>\u00e9sion<\/a><\/td><\/tr><tr><td>Septembre 2015<\/td><td><span style=\"background-color:rgba(0, 0, 0, 0)\" class=\"has-inline-color has-vivid-red-color\">Retour de Renc&rsquo;Art dans le programme<\/span><br><span style=\"background-color:rgba(0, 0, 0, 0)\" class=\"has-inline-color has-black-color\">Adh\u00e9sion : 25 \u20ac pour 1  \u2014  40 \u20ac pour 2 (m\u00eame adresse)  \u2014  15 \u20ac par personne suppl\u00e9mentaire (m\u00eame adresse)  \u2014  10 \u20ac moins de 25 ans<\/span><br><span style=\"background-color:rgba(0, 0, 0, 0)\" class=\"has-inline-color has-vivid-red-color\">dysfonctionnements du nouveau cin\u00e9ma : froid, projections perturb\u00e9es, mauvaises odeurs ventil\u00e9es, annulation de s\u00e9ances\u2026<\/span>   <a href=\"http:\/\/rencartaumelies.com\/wp-content\/uploads\/2021\/08\/15-09-14-dysf.pdf\"><strong>&gt; lettre<\/strong><\/a><\/td><\/tr><tr><td>4 septembre<\/td><td><mark style=\"background-color:rgba(0, 0, 0, 0)\" class=\"has-inline-color has-vivid-red-color\">Pr\u00e9sentation du nouveau cin\u00e9ma <\/mark>   <a href=\"http:\/\/rencartaumelies.com\/wp-content\/uploads\/2022\/12\/15-09-04-present.pdf\"><strong>&gt; articles<\/strong><\/a><br><mark style=\"background-color:rgba(0, 0, 0, 0)\" class=\"has-inline-color has-luminous-vivid-orange-color\">dans le journal municipal  <\/mark> <a href=\"http:\/\/rencartaumelies.com\/wp-content\/uploads\/2021\/08\/15-09-04-tous-montreuil.pdf\"><strong>&gt; article<\/strong><\/a><\/td><\/tr><tr><td>19 septembre<\/td><td><span style=\"background-color:rgba(0, 0, 0, 0)\" class=\"has-inline-color has-vivid-red-color\">Inauguration du nouveau M\u00e9li\u00e8s avec sa Lune gonflable de 7m de diam\u00e8tre pour 60kg dans le hall cubique de 14m de c\u00f4t\u00e9 sur la place de la mairie &#8211; orchestre Divertimento de Zahia ZIOUANI<\/span>   <a href=\"http:\/\/rencartaumelies.com\/wp-content\/uploads\/2021\/08\/15-09-19-inaugurat.pdf\"><strong>&gt; articles<\/strong><\/a><br><span style=\"background-color:rgba(0, 0, 0, 0);color:#0c7eb2\" class=\"has-inline-color\">Stand de Renc&rsquo;Art + distribution \u00ab\u00a04 pages &#8211; Historique\u00a0\u00bb + panneaux<\/span>   <strong><a href=\"http:\/\/rencartaumelies.com\/wp-content\/uploads\/2021\/08\/15-09-19-stand.pdf\">&gt; images<\/a><\/strong><\/td><\/tr><tr><td>25 septembre<\/td><td><span style=\"background-color:rgba(0, 0, 0, 0);color:#0c7eb2\" class=\"has-inline-color\">1er \u00e9v\u00e8nement Renc&rsquo;Art : soir\u00e9e Agn\u00e8s VARDA (<em>Cl\u00e9o de 5 \u00e0 7<\/em> et <em>Jane B par Agn\u00e8s V<\/em> ) + ap\u00e9ritif<\/span><br><span style=\"background-color:rgba(0, 0, 0, 0)\" class=\"has-inline-color has-vivid-red-color\">Bapt\u00eame de la 1\u00e8re salle : \u00ab\u00a0Agn\u00e8s-VARDA \u00a0\u00bb <\/span>  <strong>&gt;  <a href=\"https:\/\/youtu.be\/9Z4Hq6YBsfg\">Vid\u00e9o<\/a><\/strong><\/td><\/tr><tr><td>29 sept<\/td><td><span style=\"background-color:rgba(0, 0, 0, 0);color:#237604\" class=\"has-inline-color\">Les cin\u00e9mas publics en danger ? <\/span>  <a href=\"http:\/\/rencartaumelies.com\/wp-content\/uploads\/2021\/08\/15-09-29-danger.pdf\"><strong>&gt; article<\/strong><\/a><\/td><\/tr><tr><td>Fin septembre<\/td><td><span style=\"background-color:rgba(0, 0, 0, 0);color:#0c7eb2\" class=\"has-inline-color\">R\u00e9siliation abonnement t\u00e9l\u00e9phonique Free<\/span><br><span style=\"background-color:rgba(0, 0, 0, 0)\" class=\"has-inline-color has-vivid-red-color\">D\u00e9but des s\u00e9ances \u00ab\u00a0<strong>Cin\u00e9-Ma diff\u00e9rence<\/strong>\u00ab\u00a0<br>Ouverture de \u00ab\u00a0<strong>La FabU<\/strong>\u00a0\u00bb (La Fabrique Utile), SCOP cr\u00e9\u00e9e par Esther SILBER, Adrien HEYV\u00c6RTS et Nathalie DUBREUIL<\/span>   <a href=\"http:\/\/rencartaumelies.com\/wp-content\/uploads\/2021\/08\/15-09-21-fabu.pdf\"><strong>&gt; doc<\/strong><\/a><\/td><\/tr><tr><td>12 octobre<\/td><td><span style=\"background-color:rgba(0, 0, 0, 0)\" class=\"has-inline-color has-vivid-red-color\">Soir\u00e9e hommage \u00e0 Solveig ANSPACH. <\/span> &gt;  <a href=\"http:\/\/rencartaumelies.com\/index.php\/2015\/10\/12\/solveig-anspach\/\"><strong>Vid\u00e9os<\/strong><\/a><\/td><\/tr><tr><td>26 octobre<\/td><td><span style=\"background-color:rgba(0, 0, 0, 0)\" class=\"has-inline-color has-luminous-vivid-orange-color\">Assembl\u00e9e nationale : loi de finances = transmission d&rsquo;accord du Parlement au minist\u00e8re de la Culture pour agr\u00e9ment de <strong>subvention<\/strong> \u00e0 3 000 \u20ac pour Renc&rsquo;Art<\/span><\/td><\/tr><tr><td>7 novembre<\/td><td><span style=\"background-color:rgba(0, 0, 0, 0)\" class=\"has-inline-color has-luminous-vivid-orange-color\">Hommage de la Ville \u00e0 Marie-Th\u00e9r\u00e8se CAZANAVE<\/span>   <a href=\"http:\/\/rencartaumelies.com\/wp-content\/uploads\/2021\/08\/15-11-07-MTC.pdf\"><strong>&gt; doc<\/strong><\/a><br><span style=\"background-color:rgba(0, 0, 0, 0)\" class=\"has-inline-color has-vivid-red-color\">Discours et film au M\u00e9li\u00e8s<\/span><\/td><\/tr><tr><td>19-20 novembre<\/td><td><span style=\"background-color:rgba(0, 0, 0, 0);color:#0c7eb2\" class=\"has-inline-color\"><strong>3\u00e8me festival Renc&rsquo;Art au M\u00e9li\u00e8s<\/strong> : 13 films dont 10 avant-premi\u00e8res, 243 places achet\u00e9es ; Kassap Trad Quintet (200 \u20ac) ; Chorale <em>Les oies sauvages<\/em> (63 \u20ac) ; Produits montreuillois \u00ab\u00a0Murs-\u00e0-P\u00eaches\u00a0\u00bb \/ film d&rsquo;Alain TYR ; documents cr\u00e9\u00e9s par Marie)Jo BLONCOURT ; photos de Myriam BLOCH ; co\u00fbt total : 2 073 \u20ac<\/span>   <strong><a href=\"http:\/\/rencartaumelies.com\/wp-content\/uploads\/2021\/08\/15-11-19-festival.pdf\">&gt; doc<\/a><\/strong><\/td><\/tr><tr><td>30 novembre<\/td><td><span style=\"color:#0c7eb2\" class=\"has-inline-color\">Cl\u00f4ture du compte HSBC<\/span><\/td><\/tr><tr><td>22 d\u00e9cembre<\/td><td><span style=\"background-color:rgba(0, 0, 0, 0);color:#237604\" class=\"has-inline-color\">Le tribunal administratif suspend l&rsquo;arr\u00eat\u00e9 municipal qui nommait St\u00e9phane GOUDET directeur artistique du M\u00e9li\u00e8s, sans appel d&rsquo;offre [contrat de mai 14 \u00e0 mai 15 : \u00e9chu]  &gt;  l&rsquo;avocat David DOKHIAN de M&rsquo; le M\u00e9li\u00e8s d\u00e9pose un r\u00e9f\u00e9r\u00e9 pour le contrat 15-16 en cours\u2026!<\/span> <strong> <a href=\"http:\/\/rencartaumelies.com\/wp-content\/uploads\/2021\/08\/15-12-22-SG.pdf\">&gt; article et contre-article<\/a><\/strong><\/td><\/tr><tr><td>1er janvier 2016<\/td><td><span class=\"has-inline-color has-luminous-vivid-orange-color\">Est-Ensemble : communaut\u00e9 d&rsquo;agglom\u00e9rations &gt; \u00c9tablissement Public Territorial du Grand-Paris (EPT-GP)<\/span><\/td><\/tr><tr><td>16 janvier<\/td><td><span style=\"color:#0c7eb2\" class=\"has-inline-color\">Couscous des administrateurs <\/span>  <strong><a href=\"http:\/\/rencartaumelies.com\/wp-content\/uploads\/2021\/08\/16-01-16-couscous.pdf\">&gt; images<\/a><\/strong><\/td><\/tr><tr><td>14 janvier<\/td><td><span style=\"background-color:rgba(0, 0, 0, 0)\" class=\"has-inline-color has-luminous-vivid-orange-color\">Conseil du cin\u00e9ma : divers points techniques des dysfonctionnements du M\u00e9li\u00e8s ; conditions de travail des agents (froid) ; position de St\u00e9phane GOUDET ; tarif du parking ? filmer les d\u00e9bats ? charte sur l&rsquo;ind\u00e9pendance du cin\u00e9ma pr\u00e9sent\u00e9e par le CISM  <strong> <a href=\"http:\/\/rencartaumelies.com\/wp-content\/uploads\/2021\/08\/16-01-14-CC.pdf\">&gt; doc<\/a><\/strong><\/span><\/td><\/tr><tr><td>24 f\u00e9vrier<\/td><td><span style=\"color:#0c7eb2\" class=\"has-inline-color\"><\/span><span class=\"has-inline-color has-luminous-vivid-orange-color\">Rencontre Renc&rsquo;Art \/ Denis VEMCLEFS (Montreuil) \/ Adrien BRUN (Est-Ensemble) : pas de convention tripartite mais 2 conventions bilat\u00e9rales<\/span><\/td><\/tr><tr><td>26 f\u00e9vrier<\/td><td><mark style=\"background-color:rgba(0, 0, 0, 0);color:#0c7eb2\" class=\"has-inline-color\">Soir\u00e9e des C\u00e9sar, en direct, \u00e0 la FabU <\/mark>  <a href=\"http:\/\/rencartaumelies.com\/wp-content\/uploads\/2022\/12\/16-02-26-cesar.pdf\"><strong>&gt; invitation<\/strong><\/a><\/td><\/tr><tr><td>26 f\u00e9vrier<\/td><td><span class=\"has-inline-color has-vivid-red-color\">\u00c9quipe du cin\u00e9ma :<br>Directeur artistique : St\u00e9phane GOUDET<br>Directeur administratif : Richard ZAMITH<br>Programmatrices : Marie BOUDON et G\u00e9raldine RODRIGUES<br>Comptabilit\u00e9 : Maud MANDILE<br>Programmation jeune public : Am\u00e9lie DESSERRE<br>Conqu\u00eate de nouveaux publics : Caroline CARR\u00c9<\/span><\/td><\/tr><tr><td>7 mars<\/td><td><span style=\"color:#0c7eb2\" class=\"has-inline-color\">Solde du compte bancaire = 450 \u20ac ! [augmentation des frais postaux : par exemple, envoi des documents de l&rsquo;AG = 460 \u20ac\u2026]<\/span><\/td><\/tr><tr><td>19 mars<\/td><td><span style=\"color:#0c7eb2\" class=\"has-inline-color\">Visionnage chez Michel PODGOURSKY, \u00e0 la demande de St\u00e9phane GOUDET, du film sans distributeur <em>Ceci est mon corps<\/em> de J\u00e9r\u00f4me SOUBEYRAND &gt; bon pour programmation<\/span><\/td><\/tr><tr><td>30 mars<\/td><td><span style=\"background-color:rgba(0, 0, 0, 0)\" class=\"has-inline-color has-black-color\"><strong>14\u00e8me AG <\/strong>au cin\u00e9ma + <em>Quand on a 17 ans<\/em> d&rsquo;Andr\u00e9 T\u00c9CHIN\u00c9 : 95 pr\u00e9sents, 41 repr\u00e9sent\u00e9s<\/span><br><a href=\"http:\/\/rencartaumelies.com\/wp-content\/uploads\/2021\/08\/16-03-30-AG.pdf\"><strong>Rapport moral<\/strong><\/a><span style=\"background-color:rgba(0, 0, 0, 0)\" class=\"has-inline-color has-black-color\"> et compte-rendu<br><strong>Administrateurs \u00e9lus<\/strong> : Georges BERTRAND ; Marie-Jo BLONCOURT ; G\u00e9rard BOUMGHAR ; Marie-Madeleine CORNI\u00c8RES ; Catherine GIFFARD ; Line GRUYER ; Jean-Louis LE GALL ; Marjorie LEIRE ; Karine LONDE ; Fran\u00e7ois MIRANDA ; Marie-Jeanne MOUSSARD ; Michel PODGOURSKY; Mireille RAINGUEZ ; Sylvie ROUX ; Catherine VIALLES<br><strong>Bureau<\/strong> : Pr\u00e9sidente Marie-Madeleine CORNI\u00c8RES ; Vice-pr\u00e9sident Georges BERTRAND ; Vice-pr\u00e9sident Jean-Louis LE GALL ; Secr\u00e9taire Catherine GIFFARD ; Secr\u00e9taire adjoint Fran\u00e7ois MIRANDA ; Tr\u00e9sorier Michel PODGOURSKY ; Communication Marie-Jo BLONCOURT ; Messagerie et liste invitations Catherine VIALLES ; Relations publiques et vie associative : G\u00e9rard BOUMGHAR et Marie-Jeanne MOUSSARD ; Festivit\u00e9s : Marjorie LEIRE, Mireille RAINGUEZ et Sylvie ROUX ; Contr\u00f4le des comptes : Christian MILLET<br>Maison des associations : les prestations fournies par la Ville devraient \u00eatre valoris\u00e9es \u00e0 hauteur de 447,19 \u20ac<br>D\u00e9cision de faire payer les envois de programmes par La Poste<br>Discussion : apr\u00e8s la \u00ab\u00a0bataille\u00a0\u00bb, que signifie l&rsquo;adh\u00e9sion \u00e0 Renc&rsquo;Art au M\u00e9li\u00e8s ? Tarifs r\u00e9duits ? soutien au cin\u00e9ma ? autre chose ?<br>Organiser des rencontres sur l&rsquo;avenir des \u00e9quipements culturels dans le Grand-Paris ; aider les r\u00e9alisateurs montreuillois \u00e0 trouver leur place au M\u00e9li\u00e8s ; proposer des s\u00e9ances sp\u00e9ciales ; associer davantage les adh\u00e9rents au festival : pr\u00e9paration et jury ; demander des conf\u00e9rences \u00e0 St\u00e9phane GOUDET ; inciter les adh\u00e9rents \u00e0 assister au festival P\u00e9riph\u00e9rie<\/span><br><span style=\"background-color:rgba(0, 0, 0, 0)\" class=\"has-inline-color has-luminous-vivid-orange-color\">Convention avec Est-Ensemble  <\/span><strong> <a href=\"http:\/\/rencartaumelies.com\/wp-content\/uploads\/2021\/08\/16-03-30-EE.pdf\">&gt; doc<\/a><\/strong><br><span style=\"background-color:rgba(0, 0, 0, 0);color:#0c7eb2\" class=\"has-inline-color\">Dresser un tableau pr\u00e9visionnel d&rsquo;activit\u00e9s sur l&rsquo;ann\u00e9e \u00e0 venir<br>Chercher des sponsors parmi les commerces locaux, des partenariats avec des banques montreuilloises, faire de la publicit\u00e9 dans les villes voisines\u2026?<\/span><\/td><\/tr><tr><td>13 avril<\/td><td><span class=\"has-inline-color has-luminous-vivid-orange-color\">Notification de subvention municipale de 1 000 \u20ac<\/span><\/td><\/tr><tr><td>21 avril<\/td><td><span style=\"background-color:rgba(0, 0, 0, 0)\" class=\"has-inline-color has-luminous-vivid-orange-color\">Pr\u00e9sentation de la politique culturelle de la Ville de Montreuil par Alexie LORCA au th\u00e9\u00e2tre Berthelot<\/span>   <a href=\"http:\/\/rencartaumelies.com\/wp-content\/uploads\/2021\/08\/16-04-21-lorca.pdf\"><strong>&gt; CR<\/strong><\/a><\/td><\/tr><tr><td>25 avril<\/td><td><span class=\"has-inline-color has-luminous-vivid-orange-color\">Denis VEMCLEFS : un accord serait trouv\u00e9 avec EFFIA pour le parking du cin\u00e9ma\u2026? (2,50 pour 3h pour un film).<\/span><\/td><\/tr><tr><td>30 avril<\/td><td><span style=\"color:#0c7eb2\" class=\"has-inline-color\">Finalisation des formalit\u00e9s pour la subvention du d\u00e9put\u00e9<\/span>  <strong><a href=\"http:\/\/rencartaumelies.com\/wp-content\/uploads\/2021\/08\/16-04-30-RH.pdf\"> &gt; doc<\/a><\/strong><\/td><\/tr><tr><td>Mai<\/td><td><mark style=\"background-color:rgba(0, 0, 0, 0)\" class=\"has-inline-color has-vivid-red-color\">200 000\u00e8me entr\u00e9e au nouveau M\u00e9li\u00e8s<\/mark><br><mark style=\"background-color:rgba(0, 0, 0, 0);color:#c96106\" class=\"has-inline-color\">Cr\u00e9ation de l&rsquo;annuaire des associations sur le site de la mairie<\/mark><br><mark style=\"background-color:rgba(0, 0, 0, 0);color:#0c7eb2\" class=\"has-inline-color\">R\u00e9union du CA au soleil    <a href=\"http:\/\/rencartaumelies.com\/wp-content\/uploads\/2022\/12\/16-05-20-administrateurs.pdf\"><strong>&gt;  images<\/strong><\/a><\/mark><br><mark style=\"background-color:rgba(0, 0, 0, 0);color:#0c7eb2\" class=\"has-inline-color\">Questions aux adh\u00e9rents : \u00ab\u00a0pourquoi avez-vous adh\u00e9r\u00e9 \u00e0 Renc&rsquo;Art au M\u00e9li\u00e8s ?\u00a0\u00bb &gt; alimenter une rubrique \u00ab\u00a0Paroles d&rsquo;adh\u00e9rents\u00a0\u00bb sur le bulletin d&rsquo;adh\u00e9sion<br>Proposition d&rsquo;axer ce bulletin sur la d\u00e9fense du service public \/ non politique culturelle du Grand-Paris<br>Jean-Louis LE GALL propose d&rsquo;\u00e9laborer un dossier de demande de partenariat financier \u00e0 soumettre aux entreprises nationales ou \u00e0 Grand-Angle, ou Grande-Porte, ou Orangina\u2026<\/mark><\/td><\/tr><tr><td>30 mai<\/td><td><span style=\"color:#0c7eb2\" class=\"has-inline-color\">Visionnage de <em>Bandits d&rsquo;amour<\/em> de Pierre LE BRET (ancien administrateur) &gt; avis r\u00e9serv\u00e9s = pas retenu pour une programmation au M\u00e9li\u00e8s<\/span><\/td><\/tr><tr><td>22 juin<\/td><td><span style=\"color:#0c7eb2\" class=\"has-inline-color\">Soir\u00e9e \u00e0 l&rsquo;initiative de Renc&rsquo;Art avec <em>Ceci est mon corps<\/em> de J\u00e9r\u00f4me SOUBEYRAND (avec la Monteuilloise Marina TOM\u00c9)<\/span>   <strong><a href=\"http:\/\/rencartaumelies.com\/wp-content\/uploads\/2021\/08\/16-06-29.pdf\">&gt; programme de l&rsquo;\u00e9t\u00e9<\/a><\/strong><\/td><\/tr><tr><td>29 juin<\/td><td><span style=\"color:#0c7eb2\" class=\"has-inline-color\">Soir\u00e9e au b\u00e9n\u00e9fice de Renc&rsquo;Art : \u00ab\u00a042 bandes-annonces 1933-1977\u00a0\u00bb<\/span><\/td><\/tr><tr><td>19 ao\u00fbt<\/td><td><span style=\"background-color:rgba(0, 0, 0, 0)\" class=\"has-inline-color has-vivid-red-color\">1er anniversaire de l&rsquo;ouverture du nouveau M\u00e9li\u00e8s<\/span>   <strong><a href=\"https:\/\/rencartaumelies.org\/wp-content\/uploads\/2023\/12\/16-08-19-anniv.pdf\">&gt; doc<\/a><\/strong><\/td><\/tr><\/tbody><\/table><\/figure>\n\n\n\n<p><mark style=\"background-color:rgba(0, 0, 0, 0)\" class=\"has-inline-color has-black-color\"><strong>Bilan <\/strong>de la quatorzi\u00e8me ann\u00e9e : 348 adh\u00e9rents  \u2014  48 films offerts  \u2014  Budget 15\/16 : 9 003 \u20ac  \u2014  Exc\u00e9dent : 39 \u20ac<\/mark><\/p>\n\n\n\n<p><a href=\"https:\/\/rencartaumelies.org\/index.php\/2021\/01\/25\/histoire-de-lassociation-annee-15\/\">Vers l<strong>&lsquo;ann\u00e9e 15<\/strong> de l&rsquo;association<\/a><\/p>\n","protected":false},"excerpt":{"rendered":"<p>La quatorzi\u00e8me ann\u00e9e d&rsquo;exercice de l&rsquo;association s&rsquo;est d\u00e9roul\u00e9e de septembre 2015 \u00e0 ao\u00fbt 2016. Num\u00e9rotation des cartes 14-0000. Administrateurs \u00e9lus : Thibaut AMANT ; Georges [&#8230;]<\/p>\n","protected":false},"author":3,"featured_media":0,"comment_status":"closed","ping_status":"closed","sticky":false,"template":"","format":"standard","meta":{"footnotes":""},"categories":[84],"tags":[],"class_list":["post-712","post","type-post","status-publish","format-standard","hentry","category-histoire-de-lasscoiation"],"_links":{"self":[{"href":"https:\/\/rencartaumelies.org\/index.php\/wp-json\/wp\/v2\/posts\/712","targetHints":{"allow":["GET"]}}],"collection":[{"href":"https:\/\/rencartaumelies.org\/index.php\/wp-json\/wp\/v2\/posts"}],"about":[{"href":"https:\/\/rencartaumelies.org\/index.php\/wp-json\/wp\/v2\/types\/post"}],"author":[{"embeddable":true,"href":"https:\/\/rencartaumelies.org\/index.php\/wp-json\/wp\/v2\/users\/3"}],"replies":[{"embeddable":true,"href":"https:\/\/rencartaumelies.org\/index.php\/wp-json\/wp\/v2\/comments?post=712"}],"version-history":[{"count":29,"href":"https:\/\/rencartaumelies.org\/index.php\/wp-json\/wp\/v2\/posts\/712\/revisions"}],"predecessor-version":[{"id":7033,"href":"https:\/\/rencartaumelies.org\/index.php\/wp-json\/wp\/v2\/posts\/712\/revisions\/7033"}],"wp:attachment":[{"href":"https:\/\/rencartaumelies.org\/index.php\/wp-json\/wp\/v2\/media?parent=712"}],"wp:term":[{"taxonomy":"category","embeddable":true,"href":"https:\/\/rencartaumelies.org\/index.php\/wp-json\/wp\/v2\/categories?post=712"},{"taxonomy":"post_tag","embeddable":true,"href":"https:\/\/rencartaumelies.org\/index.php\/wp-json\/wp\/v2\/tags?post=712"}],"curies":[{"name":"wp","href":"https:\/\/api.w.org\/{rel}","templated":true}]}}