{"id":714,"date":"2021-01-25T10:41:06","date_gmt":"2021-01-25T09:41:06","guid":{"rendered":"http:\/\/rencartaumelies.com\/?page_id=714"},"modified":"2025-06-04T11:39:01","modified_gmt":"2025-06-04T09:39:01","slug":"histoire-de-lassociation-annee-15","status":"publish","type":"post","link":"https:\/\/rencartaumelies.org\/index.php\/2021\/01\/25\/histoire-de-lassociation-annee-15\/","title":{"rendered":"Histoire de l&rsquo;association &#8211; ann\u00e9e 15"},"content":{"rendered":"\n<p><mark style=\"background-color:rgba(0, 0, 0, 0)\" class=\"has-inline-color has-black-color\">La <strong>quinzi\u00e8me ann\u00e9e<\/strong> d&rsquo;exercice de l&rsquo;association s&rsquo;est d\u00e9roul\u00e9e de <strong>septembre 2016 \u00e0 ao\u00fbt 2017<\/strong>. Num\u00e9rotation des cartes 15-0000.<\/mark><\/p>\n\n\n\n<p><mark style=\"background-color:rgba(0, 0, 0, 0)\" class=\"has-inline-color has-black-color\"><strong>Administrateurs \u00e9lus<\/strong> : Georges BERTRAND ; Marie-Jo BLONCOURT ; G\u00e9rard BOUMGHAR ; Marie-Madeleine CORNI\u00c8RES ; Catherine GIFFARD ; Line GRUYER ; Jean-Louis LE GALL ; Marjorie LEIRE ; Karine LONDE ; Fran\u00e7ois MIRANDA ; Marie-Jeanne MOUSSARD ; Michel PODGOURSKY; Mireille RAINGUEZ ; Sylvie ROUX ; Catherine VIALLES<br><strong>Bureau<\/strong> : Pr\u00e9sidente Marie-Madeleine CORNI\u00c8RES ; Vice-pr\u00e9sident Georges BERTRAND ; Vice-pr\u00e9sident Jean-Louis LE GALL ; Secr\u00e9taire Catherine GIFFARD ; Secr\u00e9taire adjoint Fran\u00e7ois MIRANDA ; Tr\u00e9sorier Michel PODGOURSKY ; Communication Marie-Jo BLONCOURT ; Messagerie et liste invitations Catherine VIALLES ; Relations publiques et vie associative : G\u00e9rard BOUMGHAR et Marie-Jeanne MOUSSARD ; Festivit\u00e9s : Marjorie LEIRE, Mireille RAINGUEZ et Sylvie ROUX ; Contr\u00f4le des comptes : Christian MILLET<\/mark><\/p>\n\n\n\n<p><mark style=\"background-color:rgba(0, 0, 0, 0)\" class=\"has-inline-color has-black-color\">Les couleurs utilis\u00e9es marquent les diff\u00e9rents types d&rsquo;\u00e9volution, suivant la norme suivante : <strong>en noir les activit\u00e9s statutaires<\/strong><\/mark>, <strong><strong><mark style=\"background-color:rgba(0, 0, 0, 0);color:#0c7eb2\" class=\"has-inline-color\">en bleu les activit\u00e9s associatives<\/mark><\/strong><\/strong>, <strong><mark style=\"background-color:rgba(0, 0, 0, 0)\" class=\"has-inline-color has-vivid-red-color\">en rouge ce qui concerne le cin\u00e9ma<\/mark><\/strong>, <strong><mark style=\"background-color:rgba(0, 0, 0, 0);color:#c96106\" class=\"has-inline-color\">en orange les institutions<\/mark><\/strong> et <strong><mark style=\"background-color:rgba(0, 0, 0, 0);color:#237604\" class=\"has-inline-color\">en vert toutes les autres \u00e9volutions<\/mark><\/strong>.<\/p>\n\n\n\n<figure class=\"wp-block-table alignwide\"><table><tbody><tr><td><\/td><td><a href=\"http:\/\/rencartaumelies.com\/wp-content\/uploads\/2021\/08\/16-09-01-1617.pdf\"><strong>Bulletin d&rsquo;adh\u00e9sion<\/strong><\/a><\/td><\/tr><tr><td>Septembre<\/td><td>10 \u20ac pour l&rsquo;envoi du programme papier par La Poste<\/td><\/tr><tr><td>15-18 septembre 2016<\/td><td><span style=\"background-color:rgba(0, 0, 0, 0);color:#0c7eb2\" class=\"has-inline-color\"><strong>4\u00e8me festival Renc&rsquo;Art au M\u00e9li\u00e8s<\/strong> : <\/span>   <strong><a href=\"http:\/\/rencartaumelies.com\/wp-content\/uploads\/2021\/08\/16-09-18-fest.pdf\">&gt; doc<\/a><\/strong><br><span style=\"background-color:rgba(0, 0, 0, 0);color:#0c7eb2\" class=\"has-inline-color\">13 films en avant-premi\u00e8res et 8 rencontres 221 places offertes ; Kassap Presk&rsquo;Trad Quintet (300 \u20ac) ; Chorale <em>Les oies sauvages<\/em> (63 \u20ac) ; Diaporama de Marie-Jo BLONCOURT vu 3 500 fois sur Facebook \u00ab\u00a0Festival renc&rsquo;Art\u00a0\u00bb. Co\u00fbt total : 2 504 \u20ac<br>Rencontres film\u00e9es : <\/span><br><a href=\"https:\/\/youtu.be\/h6tGN9cuYBk\">St\u00e9phane BRIZ\u00c9 (<em>Une vie<\/em>),<\/a> <br><a href=\"https:\/\/youtu.be\/FIXa3E8NFZ0\">Alejandro ALMENDRAS (<em>Tout va bien<\/em>),<\/a> <br><a href=\"https:\/\/youtu.be\/VGPQNpW-Bqo\">Rachid DJA\u00cfDANI (<em>Tour de France<\/em>), <\/a><br><a href=\"https:\/\/youtu.be\/X0BA_10vZCo\">Dominique CABR\u00c9RA (<em>Corniche Kennedy<\/em>), <\/a><br><a href=\"https:\/\/youtu.be\/HgpHz80heyI\">Jean-Christophe MEURISSE (<em>Apn\u00e9e<\/em>) <\/a><br><a href=\"https:\/\/youtu.be\/pO0bNgPN1p4\">et Nicole GARCIA (<em>Mal de pierre<\/em>). <\/a> <span style=\"background-color:rgba(0, 0, 0, 0)\" class=\"has-inline-color has-button-hover-color-color\"><br><\/span><span style=\"background-color:rgba(0, 0, 0, 0);color:#0c7eb2\" class=\"has-inline-color\"><strong>1er jury Renc&rsquo;Art au M\u00e9li\u00e8s<\/strong> : <\/span> <strong><a href=\"https:\/\/rencartaumelies.org\/wp-content\/uploads\/2023\/12\/16-09-jury-2016.pdf\">&gt; images<\/a><\/strong> <br><span style=\"background-color:rgba(0, 0, 0, 0);color:#0c7eb2\" class=\"has-inline-color\">Claire BARBARIN, Marie-Jo BLONCOURT, Jean-Pierre BONNET, St\u00e9phanie DE LARA, Jacques GAUDENZI, Jean-Louis LE GALL, Mauricette LORCY, Emmanuelle MILLET, B\u00e9atrice PROPETTO, Christine SIREYZOL, Caroline VAURS, Marie-H\u00e9l\u00e8ne VOGT    <strong><a href=\"https:\/\/rencartaumelies.org\/wp-content\/uploads\/2023\/12\/16-09-candidatures.pdf\">&gt; candidatures<\/a><\/strong><\/span><span style=\"background-color:rgba(0, 0, 0, 0);color:#0c7eb2\" class=\"has-inline-color\"><br><strong>Prix<\/strong> d\u00e9cern\u00e9 \u00e0 <em>Corniche Kennedy<\/em> de Dominique CABR\u00c9RA<\/span><\/td><\/tr><tr><td>24 sept<\/td><td><span style=\"color:#0c7eb2\" class=\"has-inline-color\">Journ\u00e9e des Associations Montreuilloises<\/span>  <strong><a href=\"http:\/\/rencartaumelies.com\/wp-content\/uploads\/2021\/08\/16-09-JAM.pdf\">&gt; images<\/a><\/strong><\/td><\/tr><tr><td>26 septembre<\/td><td><span style=\"color:#0c7eb2\" class=\"has-inline-color\">Constituer un fichier des \u00ab\u00a0pros\u00a0\u00bb montreuillois : ancien fichier des p\u00e9titionnaires de 2013 ; voir Dominique CABR\u00c9RA, Robert GU\u00c9DIGUIAN, Laurence PETITJOUVET, Jean-Pierre THORN, St\u00e9phane GOUDET<\/span><span class=\"has-inline-color has-button-hover-color-color\">\u2026<\/span><\/td><\/tr><tr><td>6 octobre<\/td><td><span style=\"color:#0c7eb2\" class=\"has-inline-color\">Visionnage chez Michel PODGOURSKY de courts m\u00e9trages de Christophe MONIER, r\u00e9alisateur montreuillois &gt; avis favorables<\/span><\/td><\/tr><tr><td>21 novembre<\/td><td><span class=\"has-inline-color has-vivid-red-color\">Rencontre Renc&rsquo;Art avec Richard ZAMITH, directeur administratif et financier du M\u00e9li\u00e8s &gt; pr\u00e9sence des Roms dans le cin\u00e9ma et d\u00e9gradations occasionn\u00e9es<\/span><br><span class=\"has-inline-color has-luminous-vivid-orange-color\">Versement des 3 000 \u20ac de la r\u00e9serve parlementaire du d\u00e9put\u00e9 Razzy HAMMADI<\/span><br><span style=\"color:#0c7eb2\" class=\"has-inline-color\">Lettre de remerciement au d\u00e9put\u00e9<\/span><\/td><\/tr><tr><td>6 janvier 2017<\/td><td><span style=\"background-color:rgba(0, 0, 0, 0)\" class=\"has-inline-color has-luminous-vivid-orange-color\">Rencontre Renc&rsquo;Art avec Catherine PILON, adjointe \u00e0 la circulation et au stationnement :    <a href=\"http:\/\/rencartaumelies.com\/wp-content\/uploads\/2021\/08\/17-01-06-pilon.pdf\"><strong>&gt; compte-rendu<\/strong><\/a><br>EFFIA filiale de la SNCF &gt; \u00e0 rencontrer\u2026<br>Les tarifs des parkings sont vot\u00e9s en conseil municipal ; les heures gratuites pour les clients de Carrefour sont pay\u00e9es par le magasin sur son budget ; la Ville ne souhaite pas encourager l&rsquo;utilisation de l&rsquo;automobile et ne favorisera donc pas des tarifs r\u00e9duits pour le stationnement ; <br>quelles alternatives \u00e0 la voiture individuelle ? covoiturage ? plus de bus ? des navettes avec le haut-Montreuil ?\u2026<\/span><\/td><\/tr><tr><td>24 janvier<\/td><td><span style=\"color:#0c7eb2\" class=\"has-inline-color\">Remise du prix \u00e0 Dominique CABR\u00c9RA<\/span>    <a href=\"https:\/\/youtu.be\/ytJlaYBgoFg\"><strong>Vid\u00e9o<\/strong><\/a><\/td><\/tr><tr><td>28-29 janvier<\/td><td><span style=\"color:#0c7eb2\" class=\"has-inline-color\">Week-end Jean-Pierre JEUNET \u00e0 l&rsquo;initiative de Renc&rsquo;Art : D<em>\u00e9licatessen, Alien-4, Spivet, La cit\u00e9 des enfants perdus<\/em><br>Pot le dimanche soir, pas assez de spectateurs [vid\u00e9os des rencontres non diffusables sur demande de J-P JEUNET]<\/span>   <strong><a href=\"http:\/\/rencartaumelies.com\/wp-content\/uploads\/2021\/08\/17-01-28-jeunet.pdf\">&gt; image<\/a><\/strong><\/td><\/tr><tr><td>30 janvier<\/td><td><span style=\"background-color:rgba(0, 0, 0, 0)\" class=\"has-inline-color has-vivid-red-color\"><strong>UNIPOP#1<\/strong> : 1\u00e8re s\u00e9ance de l&rsquo;UNIversit\u00e9 POPulaire en partenariat avec l&rsquo;\u00e9cole de Cin\u00e9ma \u00ab\u00a0La G\u00e9n\u00e9rale\u00a0\u00bb de Montreuil, l&rsquo;Universit\u00e9 Paris 1, le M\u00e9diaclub et la Cin\u00e9tek &gt; <em>Le journal de David Holzman<\/em> de Jim McBRIDE, analys\u00e9 par Fran\u00e7ois NINEY (La Femis, Paris III)<\/span>    &gt; <a href=\"https:\/\/youtu.be\/HuAQhywCWQ0\"><strong>commentaire<\/strong> les \u00ab\u00a08 tournures de cam\u00e9ra\u00a0\u00bb<\/a>      <strong>&gt;  commentaire<\/strong><a href=\"https:\/\/youtu.be\/Oaqouq6EryY\"> au sujet de <em>Le journal de David Holzman<\/em><\/a><\/td><\/tr><tr><td>3 f\u00e9vrier<\/td><td><span style=\"background-color:rgba(0, 0, 0, 0)\" class=\"has-inline-color has-vivid-red-color\"><strong>UNIPOP#2<\/strong> : <em>Jour de f\u00eate<\/em> de Jacques TATI+ <em>\u00c0 l&rsquo;am\u00e9ricaine<\/em>, film d&rsquo;analyse de St\u00e9phane GOUDET  <\/span>   <a href=\"https:\/\/youtu.be\/ocvk16f315w\"><strong>Vid\u00e9o<\/strong><\/a><\/td><\/tr><tr><td>20 f\u00e9vrier<\/td><td><span style=\"background-color:rgba(0, 0, 0, 0)\" class=\"has-inline-color has-vivid-red-color\"><strong>UNIPOP#3<\/strong> : <em>Notre pain quotidien<\/em> de Nikolaus GEYRHALTER, analys\u00e9 par Fran\u00e7ois NINEY  <\/span>    <strong><a href=\"https:\/\/youtu.be\/iMcpcFZWiO8\">commentaire<\/a><\/strong><\/td><\/tr><tr><td>27 f\u00e9vrier<\/td><td><span style=\"background-color:rgba(0, 0, 0, 0)\" class=\"has-inline-color has-vivid-red-color\"><strong>UNIPOP#4<\/strong> : <em>Octobre<\/em> D&rsquo;EISENSTEIN, conf\u00e9rence d&rsquo;Ania SZCZPANSKA, ma\u00eetre de conf\u00e9rence \u00e0 Paris 1<\/span>   <strong><a href=\"http:\/\/rencartaumelies.com\/index.php\/2017\/02\/27\/octobre\/\">commentaire<\/a><\/strong>  <\/td><\/tr><tr><td>1 mars<\/td><td><span class=\"has-inline-color has-vivid-red-color\">Annonce dans le programme \/ inscriptions pour la soir\u00e9e du 25 mars : \u00ab\u00a0<em>Nos voisins ont du talent<\/em>\u00ab\u00a0<\/span><\/td><\/tr><tr><td>3 mars<\/td><td><span style=\"background-color:rgba(0, 0, 0, 0)\" class=\"has-inline-color has-luminous-vivid-orange-color\">Conseil du cin\u00e9ma avec Martine LEGRAND, vice-pr\u00e9sidente d&rsquo;Est-Ensemble, charg\u00e9e de la Culture, Adrien BRUN et Corinne POISSON, directeurs de la Culture :    <a href=\"http:\/\/rencartaumelies.com\/wp-content\/uploads\/2021\/08\/17-03-03-CC.pdf\"><strong>&gt; compte-rendu<\/strong><\/a><br>bornes automatiques d&rsquo;achat de billets ? <br>site Internet \u00e0 l&rsquo;\u00e9tude (harmonie des 7 cin\u00e9mas), <br>am\u00e9nagement de la salle p\u00e9dagogique ? <br>Wifi ? <br>prises \u00e9lectriques \u00e0 la FabU ? <br>audiodescription dans 3 salles seulement ? <br>piste podo-tactile jusqu&rsquo;aux salles ? <br>liaison fibre pour r\u00e9ception virtuelle des films ? <br>la projection en 35 mm n\u00e9cessite la pr\u00e9sence d&rsquo;un projectionniste \u00e0 temps plein sur l&rsquo;op\u00e9ration\u2026<\/span><\/td><\/tr><tr><td>14 mars<\/td><td><mark style=\"background-color:rgba(0, 0, 0, 0)\" class=\"has-inline-color has-vivid-red-color\"><strong>UNIPOP#5<\/strong> : <em>David Golder<\/em> de Wes ANDERSON qui dialogue avec Nicolas SAADA     <\/mark><br><mark style=\"background-color:rgba(0, 0, 0, 0)\" class=\"has-inline-color has-black-color\"><strong>15\u00e8me AG<\/strong> au cin\u00e9ma + <em>Tomb\u00e9 du ciel<\/em> de Wissam CHARAFF : 85 pr\u00e9sents, 20 repr\u00e9sent\u00e9s<\/mark><br><a href=\"http:\/\/rencartaumelies.com\/wp-content\/uploads\/2021\/08\/17-03-14-AG.pdf\"><strong>Rapport moral et compte-rendu<\/strong><\/a><mark style=\"background-color:rgba(0, 0, 0, 0)\" class=\"has-inline-color has-black-color\"><br>Le projet\u00a0\u00bb Enfant et Cin\u00e9ma\u00a0\u00bb (\u00e9crit en 2012 par Michel PODGOURSKY )  <strong><a href=\"http:\/\/rencartaumelies.com\/wp-content\/uploads\/2021\/08\/18-11-12-PROJET-MP.pdf\">&gt; projet<\/a><\/strong><\/mark><br><mark style=\"background-color:rgba(0, 0, 0, 0)\" class=\"has-inline-color has-black-color\">27 DVD <em>Renc&rsquo;Art et Le M\u00e9li\u00e8s 2012-2014<\/em> vendus<br><strong>Administrateurs \u00e9lus<\/strong> : Claire BARBARIN ; Georges BERTRAND ; Marie-Jo BLONCOURT ; G\u00e9rard BOUMGHAR ; Marie-Madeleine CORNI\u00c8RES ; Marie-Agn\u00e8s GAYAT ; Catherine GIFFARD ; Line GRUYER ; Jean-Louis LE GALL ; Marie-Jeanne MOUSSARD ; Michel PODGOURSKY ; Mireille RAINGUEZ ; Sylvie ROUX ; Mich\u00e8le SOURIEAU ; Michel VANVOLSEM<br><em>Bureau<\/em> : Pr\u00e9sidente Marie-Madeleine CORNI\u00c8RES ; Vice-pr\u00e9sidente Sylvie ROUX ; Vice-pr\u00e9sident Jean-Louis LE GALL ; Secr\u00e9taire Catherine GIFFARD ; Secr\u00e9taire adjoint Mich\u00e8le SOURIEAU ; Tr\u00e9sorier Michel PODGOURSKY ; Tr\u00e9sorier adjoint Georges BERTRAND ; Communication Marie-Jo BLONCOURT ; Messagerie Michel PODGOURSKY qui avait remplac\u00e9 Catherine VIALLES ; Relations publiques et vie associative : G\u00e9rard BOUMGHAR et Marie-Jeanne<br>MOUSSARD (+ t\u00e9l\u00e9phone) ; Festivit\u00e9s : Line GRUYER, Mireille RAINGUEZ et Sylvie ROUX ; Publics d&rsquo;\u00e2ge scolaire Michel VANVOLSEM ; Contr\u00f4le des comptes : Christian MILLET, Azzedine SALAH et Catherine SAPIN<\/mark><\/td><\/tr><tr><td>15 mars<\/td><td><span class=\"has-inline-color has-luminous-vivid-orange-color\">Subvention mairie : 1 000 \u20ac &gt; Faire figurer la mention \u00ab\u00a0association subventionn\u00e9e par la Ville de Montreuil\u00a0\u00bb sur les publications\u2026<\/span><\/td><\/tr><tr><td>16 mars<\/td><td><span style=\"background-color:rgba(0, 0, 0, 0)\" class=\"has-inline-color has-vivid-red-color\"><strong>UNIPOP#6<\/strong> : <em>Persona<\/em> d&rsquo;Ingmar BERGMAN analys\u00e9 par Mazarine PINGEOT <\/span>    <strong><a href=\"http:\/\/rencartaumelies.com\/index.php\/2017\/03\/16\/persona\/\">Vid\u00e9o<\/a><\/strong><\/td><\/tr><tr><td>20 mars<\/td><td><span style=\"background-color:rgba(0, 0, 0, 0)\" class=\"has-inline-color has-vivid-red-color\"><strong>UNIPOP#7<\/strong> : <em>Vertigo<\/em> d&rsquo;Alfred HITCHCOCK analys\u00e9 par Fran\u00e7ois NINEY <\/span>    <strong><a href=\"https:\/\/youtu.be\/ktb3mE-xLBo\">Vid\u00e9o<\/a><\/strong><\/td><\/tr><tr><td>25 mars<\/td><td><span style=\"color:#0c7eb2\" class=\"has-inline-color\">Soir\u00e9e \u00e0 l&rsquo;initiative de Renc&rsquo;Art : \u00ab\u00a0<em>Nos voisins ont du talent !<\/em>\u00a0\u00bb : 6 courts m\u00e9trages montreuillois. Rencontre et d\u00e9bats : ~200 personnes professionnelles du Cin\u00e9ma + adh\u00e9rents. Buffet \u00e0 la FabU (participation 5 \u20ac) ~140 inscrits <\/span>  &gt;  <strong><a href=\"https:\/\/youtu.be\/10z8n6-OVcI\">Vid\u00e9o<\/a><\/strong>   <strong><a href=\"http:\/\/rencartaumelies.com\/wp-content\/uploads\/2021\/08\/17-03-25-voisins.pdf\">&gt; doc<\/a><\/strong><\/td><\/tr><tr><td>26 mars<\/td><td><span class=\"has-inline-color has-luminous-vivid-orange-color\">Brunch culturel de Manon LAPORTE (\u00e9lue municipale de la minorit\u00e9) en sa permanence, avec la vice-pr\u00e9sidente du Conseil r\u00e9gional charg\u00e9e de la Culture<br>Renc&rsquo;Art invit\u00e9 &gt; demander une subvention ? (Marie-Madeleine CORNI\u00c8RES, Jean-Louis LE GALL et Georges BERTRAND)<\/span><\/td><\/tr><tr><td>27 mars<\/td><td><span style=\"background-color:rgba(0, 0, 0, 0)\" class=\"has-inline-color has-vivid-red-color\"><strong>UNIPOP#8<\/strong> : <em>La jungle plate<\/em> de Johan van der KEUKEN, pr\u00e9sent\u00e9 par Corinne BOPP de P\u00e9riph\u00e9rie  <\/span>   <strong><a href=\"https:\/\/youtu.be\/pqDFZpdnQlo\">Vid\u00e9o<\/a><\/strong><\/td><\/tr><tr><td>28 mars<\/td><td><span class=\"has-inline-color has-vivid-red-color\">Participation Renc&rsquo;Art \u00e0 la soir\u00e9e Thierry FR\u00c9MAUX autour de son film <em>Lumi\u00e8re ! L&rsquo;aventure continue<\/em> et de son livre <em>S\u00e9lection officielle sur le festival de Cannes<\/em> (vente sur l&rsquo;espace FabU, impossible au cin\u00e9ma).<\/span><\/td><\/tr><tr><td>17 avril<\/td><td><span style=\"background-color:rgba(0, 0, 0, 0)\" class=\"has-inline-color has-vivid-red-color\"><strong>UNIPOP#9<\/strong> : <em>Les fianc\u00e9es de folie <\/em>de Buster KEATON, analyse de s\u00e9quence par St\u00e9phane GOUDET <\/span>    <strong><a href=\"https:\/\/youtu.be\/cKUz2cyAwdA\">Vid\u00e9o<\/a><\/strong><\/td><\/tr><tr><td>19 avril<\/td><td><span style=\"color:#0c7eb2\" class=\"has-inline-color\">Visionnage chez Michel POGOURSKY de <em>La dorMeuse Duval <\/em>de Manuel SANCHEZ &gt; pas d&rsquo;appr\u00e9ciation favorable \u00e0 programmation<\/span><\/td><\/tr><tr><td>24 avril<\/td><td><span style=\"background-color:rgba(0, 0, 0, 0)\" class=\"has-inline-color has-vivid-red-color\"><strong>UNIPOP#10<\/strong> : <em>Rosetta<\/em> des fr\u00e8res DARDENNE, analys\u00e9 par Fran\u00e7ois NINEY <\/span>    <strong><a href=\"https:\/\/youtu.be\/-4zwc2_kjQk\">Vid\u00e9o<\/a><\/strong><\/td><\/tr><tr><td>5 mai<\/td><td><span style=\"color:#c96106\" class=\"has-inline-color\">Rencontre Renc&rsquo;Art et Christel GROSHENRY, charg\u00e9e de mission Cin\u00e9ma \u00e0 Est-Ensemble : festival de septembre, convention, conseil des cin\u00e9mas communautaires\u2026<\/span><\/td><\/tr><tr><td>15 mai<\/td><td><span style=\"background-color:rgba(0, 0, 0, 0)\" class=\"has-inline-color has-vivid-red-color\"><strong>UNIPOP#11<\/strong> : <em>House by the river<\/em> de Fritz LANG, analys\u00e9 par Fran\u00e7ois NINEY<\/span><\/td><\/tr><tr><td>18 mai<\/td><td><span style=\"color:#0c7eb2\" class=\"has-inline-color\">Visionnage chez Michel POGOURSKY de <em>Natan, le fant\u00f4me de la rue Franc\u0153ur<\/em> de Francis GENDRON, Alain TYR et Alain BRAUN<\/span><\/td><\/tr><tr><td>18 juin<\/td><td><span style=\"color:#237604\" class=\"has-inline-color\">\u00c9lections l\u00e9gislatives : Razzy HAMMADI n&rsquo;est pas r\u00e9\u00e9lu &gt; Alexis CORBI\u00c8RE<\/span><\/td><\/tr><tr><td>29 juin<\/td><td><span style=\"color:#0c7eb2\" class=\"has-inline-color\">Soir\u00e9e Renc&rsquo;Art = pot de fin de saison avec <em>Ava<\/em> de L\u00e9a MYSIUS<\/span><\/td><\/tr><tr><td>Juillet<\/td><td><span class=\"has-inline-color has-vivid-red-color\">D\u00e9part de Maud MANDILE de la r\u00e9gie du cin\u00e9ma, remplac\u00e9e par Ch\u00e9rif BELHOUT<\/span><\/td><\/tr><\/tbody><\/table><\/figure>\n\n\n\n<p><mark style=\"background-color:rgba(0, 0, 0, 0)\" class=\"has-inline-color has-black-color\"><strong>Bilan <\/strong>de la quinzi\u00e8me ann\u00e9e :  271 adh\u00e9rents  \u2014  57 films offerts   \u2014   Budget 16\/17 : 10 322 \u20ac   \u2014   Exc\u00e9dent : 655 \u20ac<\/mark><\/p>\n\n\n\n<p><a href=\"https:\/\/rencartaumelies.org\/index.php\/2021\/01\/25\/histoire-de-lassociation-annee-16\/\">Vers l&rsquo;<strong>ann\u00e9e 16<\/strong> de l&rsquo;association<\/a><\/p>\n","protected":false},"excerpt":{"rendered":"<p>La quinzi\u00e8me ann\u00e9e d&rsquo;exercice de l&rsquo;association s&rsquo;est d\u00e9roul\u00e9e de septembre 2016 \u00e0 ao\u00fbt 2017. Num\u00e9rotation des cartes 15-0000. Administrateurs \u00e9lus : Georges BERTRAND ; Marie-Jo [&#8230;]<\/p>\n","protected":false},"author":3,"featured_media":0,"comment_status":"closed","ping_status":"closed","sticky":false,"template":"","format":"standard","meta":{"footnotes":""},"categories":[84],"tags":[],"class_list":["post-714","post","type-post","status-publish","format-standard","hentry","category-histoire-de-lasscoiation"],"_links":{"self":[{"href":"https:\/\/rencartaumelies.org\/index.php\/wp-json\/wp\/v2\/posts\/714","targetHints":{"allow":["GET"]}}],"collection":[{"href":"https:\/\/rencartaumelies.org\/index.php\/wp-json\/wp\/v2\/posts"}],"about":[{"href":"https:\/\/rencartaumelies.org\/index.php\/wp-json\/wp\/v2\/types\/post"}],"author":[{"embeddable":true,"href":"https:\/\/rencartaumelies.org\/index.php\/wp-json\/wp\/v2\/users\/3"}],"replies":[{"embeddable":true,"href":"https:\/\/rencartaumelies.org\/index.php\/wp-json\/wp\/v2\/comments?post=714"}],"version-history":[{"count":42,"href":"https:\/\/rencartaumelies.org\/index.php\/wp-json\/wp\/v2\/posts\/714\/revisions"}],"predecessor-version":[{"id":7034,"href":"https:\/\/rencartaumelies.org\/index.php\/wp-json\/wp\/v2\/posts\/714\/revisions\/7034"}],"wp:attachment":[{"href":"https:\/\/rencartaumelies.org\/index.php\/wp-json\/wp\/v2\/media?parent=714"}],"wp:term":[{"taxonomy":"category","embeddable":true,"href":"https:\/\/rencartaumelies.org\/index.php\/wp-json\/wp\/v2\/categories?post=714"},{"taxonomy":"post_tag","embeddable":true,"href":"https:\/\/rencartaumelies.org\/index.php\/wp-json\/wp\/v2\/tags?post=714"}],"curies":[{"name":"wp","href":"https:\/\/api.w.org\/{rel}","templated":true}]}}