{"id":9169,"date":"2026-08-31T08:40:00","date_gmt":"2026-08-31T06:40:00","guid":{"rendered":"https:\/\/rencartaumelies.org\/?p=9169"},"modified":"2026-09-03T23:09:03","modified_gmt":"2026-09-03T21:09:03","slug":"samedi-5-septembre-journee-des-associations","status":"publish","type":"post","link":"https:\/\/rencartaumelies.org\/index.php\/2026\/08\/31\/samedi-5-septembre-journee-des-associations\/","title":{"rendered":"Samedi 5 septembre : Journ\u00e9e des associations"},"content":{"rendered":"\n<figure class=\"wp-block-image size-large\"><img loading=\"lazy\" decoding=\"async\" width=\"1024\" height=\"771\" src=\"https:\/\/rencartaumelies.org\/wp-content\/uploads\/2026\/08\/2025-09-JAM-1024x771.jpg\" alt=\"\" class=\"wp-image-9170\" srcset=\"https:\/\/rencartaumelies.org\/wp-content\/uploads\/2026\/08\/2025-09-JAM-1024x771.jpg 1024w, https:\/\/rencartaumelies.org\/wp-content\/uploads\/2026\/08\/2025-09-JAM-768x578.jpg 768w, https:\/\/rencartaumelies.org\/wp-content\/uploads\/2026\/08\/2025-09-JAM-300x226.jpg 300w, https:\/\/rencartaumelies.org\/wp-content\/uploads\/2026\/08\/2025-09-JAM-1536x1157.jpg 1536w, https:\/\/rencartaumelies.org\/wp-content\/uploads\/2026\/08\/2025-09-JAM-1800x1355.jpg 1800w, https:\/\/rencartaumelies.org\/wp-content\/uploads\/2026\/08\/2025-09-JAM.jpg 2040w\" sizes=\"auto, (max-width: 1024px) 100vw, 1024px\" \/><figcaption class=\"wp-element-caption\">Le stand de Renc&rsquo;Art au M\u00e9li\u00e8s en septembre 2025.<\/figcaption><\/figure>\n\n\n\n<p class=\"wp-block-paragraph\">Samedi 5 septembre 2026, nous vous accueillerons \u00e0 notre stand sur la place de la mairie de Montreuil, pendant la Journ\u00e9e des associations. Notre stand sera ouvert de 10h00 \u00e0 18h00.<\/p>\n","protected":false},"excerpt":{"rendered":"<p>Samedi 5 septembre 2026, nous vous accueillerons \u00e0 notre stand sur la place de la mairie de Montreuil, pendant la Journ\u00e9e des associations. Notre stand [&#8230;]<\/p>\n","protected":false},"author":54,"featured_media":9171,"comment_status":"closed","ping_status":"open","sticky":false,"template":"","format":"standard","meta":{"footnotes":""},"categories":[85],"tags":[],"class_list":["post-9169","post","type-post","status-publish","format-standard","has-post-thumbnail","hentry","category-evenements"],"_links":{"self":[{"href":"https:\/\/rencartaumelies.org\/index.php\/wp-json\/wp\/v2\/posts\/9169","targetHints":{"allow":["GET"]}}],"collection":[{"href":"https:\/\/rencartaumelies.org\/index.php\/wp-json\/wp\/v2\/posts"}],"about":[{"href":"https:\/\/rencartaumelies.org\/index.php\/wp-json\/wp\/v2\/types\/post"}],"author":[{"embeddable":true,"href":"https:\/\/rencartaumelies.org\/index.php\/wp-json\/wp\/v2\/users\/54"}],"replies":[{"embeddable":true,"href":"https:\/\/rencartaumelies.org\/index.php\/wp-json\/wp\/v2\/comments?post=9169"}],"version-history":[{"count":1,"href":"https:\/\/rencartaumelies.org\/index.php\/wp-json\/wp\/v2\/posts\/9169\/revisions"}],"predecessor-version":[{"id":9172,"href":"https:\/\/rencartaumelies.org\/index.php\/wp-json\/wp\/v2\/posts\/9169\/revisions\/9172"}],"wp:featuredmedia":[{"embeddable":true,"href":"https:\/\/rencartaumelies.org\/index.php\/wp-json\/wp\/v2\/media\/9171"}],"wp:attachment":[{"href":"https:\/\/rencartaumelies.org\/index.php\/wp-json\/wp\/v2\/media?parent=9169"}],"wp:term":[{"taxonomy":"category","embeddable":true,"href":"https:\/\/rencartaumelies.org\/index.php\/wp-json\/wp\/v2\/categories?post=9169"},{"taxonomy":"post_tag","embeddable":true,"href":"https:\/\/rencartaumelies.org\/index.php\/wp-json\/wp\/v2\/tags?post=9169"}],"curies":[{"name":"wp","href":"https:\/\/api.w.org\/{rel}","templated":true}]}}