{"id":9207,"date":"2026-08-31T08:00:00","date_gmt":"2026-08-31T06:00:00","guid":{"rendered":"https:\/\/rencartaumelies.org\/?p=9207"},"modified":"2026-09-03T23:16:02","modified_gmt":"2026-09-03T21:16:02","slug":"lundi-14-septembre-ecrire-la-vie","status":"publish","type":"post","link":"https:\/\/rencartaumelies.org\/index.php\/2026\/08\/31\/lundi-14-septembre-ecrire-la-vie\/","title":{"rendered":"Lundi 14 septembre : \u00c9crire la vie, de Claire Simon"},"content":{"rendered":"\n<figure class=\"wp-block-image size-large is-resized\"><img loading=\"lazy\" decoding=\"async\" width=\"722\" height=\"1024\" src=\"https:\/\/rencartaumelies.org\/wp-content\/uploads\/2026\/09\/2026-09-14-Ecrire-la-vie-722x1024.jpg\" alt=\"\" class=\"wp-image-9208\" style=\"width:722px;height:auto\" srcset=\"https:\/\/rencartaumelies.org\/wp-content\/uploads\/2026\/09\/2026-09-14-Ecrire-la-vie-722x1024.jpg 722w, https:\/\/rencartaumelies.org\/wp-content\/uploads\/2026\/09\/2026-09-14-Ecrire-la-vie-212x300.jpg 212w, https:\/\/rencartaumelies.org\/wp-content\/uploads\/2026\/09\/2026-09-14-Ecrire-la-vie-767x1088.jpg 767w, https:\/\/rencartaumelies.org\/wp-content\/uploads\/2026\/09\/2026-09-14-Ecrire-la-vie.jpg 1080w\" sizes=\"auto, (max-width: 722px) 100vw, 722px\" \/><\/figure>\n\n\n\n<p class=\"wp-block-paragraph\"><strong>Synopsis&nbsp;<\/strong>:&nbsp;Figure majeure de la litt\u00e9rature contemporaine et premi\u00e8re \u00e9crivaine fran\u00e7aise \u00e0 recevoir le Nobel, Annie Ernaux incarne pour beaucoup l\u2019\u00e9mancipation individuelle et collective, m\u00ealant l\u2019intime \u00e0 l\u2019universel. Claire Simon lui consacre un portrait d\u00e9tourn\u00e9 en donnant la parole aux \u00e9l\u00e8ves, \u00e0 une jeunesse des quatre coins de la France, de Cayenne \u00e0 Sarcelles. Comment la jeunesse d\u2019aujourd\u2019hui, d\u2019ici et d\u2019ailleurs, s\u2019empare-t-elle des \u00e9crits d\u2019Annie Ernaux. Qu\u2019est-ce que cette jeunesse a \u00e0 nous dire en retour de son propre v\u00e9cu ?<\/p>\n\n\n\n<p class=\"wp-block-paragraph\"><strong>La projection sera suivie d&rsquo;une rencontre avec la r\u00e9alisatrice Claire Simon et l&rsquo;\u00e9crivaine, Prix Nobel de litt\u00e9rature, Annie Ernaux.<\/strong><\/p>\n\n\n\n<p class=\"wp-block-paragraph\"><a href=\"https:\/\/www.survivance.net\/film-distrib\/ecrire-la-vie-2\/\">Pr\u00e9sentation&nbsp;et&nbsp;bande-annonce<\/a><\/p>\n\n\n\n<p class=\"wp-block-paragraph\">Si vous \u00eates adh\u00e9rent, vous pourrez vous inscrire \u00e0 cette s\u00e9ance quand vous aurez re\u00e7u notre invitation, en \u00e9crivant \u00e0 rencart93100@gmail.com. Vous b\u00e9n\u00e9ficierez d\u2019une place r\u00e9serv\u00e9e et du tarif adh\u00e9rent de 2,50 \u20ac.<\/p>\n","protected":false},"excerpt":{"rendered":"<p>Synopsis&nbsp;:&nbsp;Figure majeure de la litt\u00e9rature contemporaine et premi\u00e8re \u00e9crivaine fran\u00e7aise \u00e0 recevoir le Nobel, Annie Ernaux incarne pour beaucoup l\u2019\u00e9mancipation individuelle et collective, m\u00ealant l\u2019intime [&#8230;]<\/p>\n","protected":false},"author":54,"featured_media":9211,"comment_status":"closed","ping_status":"open","sticky":false,"template":"","format":"standard","meta":{"footnotes":""},"categories":[85],"tags":[],"class_list":["post-9207","post","type-post","status-publish","format-standard","has-post-thumbnail","hentry","category-evenements"],"_links":{"self":[{"href":"https:\/\/rencartaumelies.org\/index.php\/wp-json\/wp\/v2\/posts\/9207","targetHints":{"allow":["GET"]}}],"collection":[{"href":"https:\/\/rencartaumelies.org\/index.php\/wp-json\/wp\/v2\/posts"}],"about":[{"href":"https:\/\/rencartaumelies.org\/index.php\/wp-json\/wp\/v2\/types\/post"}],"author":[{"embeddable":true,"href":"https:\/\/rencartaumelies.org\/index.php\/wp-json\/wp\/v2\/users\/54"}],"replies":[{"embeddable":true,"href":"https:\/\/rencartaumelies.org\/index.php\/wp-json\/wp\/v2\/comments?post=9207"}],"version-history":[{"count":2,"href":"https:\/\/rencartaumelies.org\/index.php\/wp-json\/wp\/v2\/posts\/9207\/revisions"}],"predecessor-version":[{"id":9213,"href":"https:\/\/rencartaumelies.org\/index.php\/wp-json\/wp\/v2\/posts\/9207\/revisions\/9213"}],"wp:featuredmedia":[{"embeddable":true,"href":"https:\/\/rencartaumelies.org\/index.php\/wp-json\/wp\/v2\/media\/9211"}],"wp:attachment":[{"href":"https:\/\/rencartaumelies.org\/index.php\/wp-json\/wp\/v2\/media?parent=9207"}],"wp:term":[{"taxonomy":"category","embeddable":true,"href":"https:\/\/rencartaumelies.org\/index.php\/wp-json\/wp\/v2\/categories?post=9207"},{"taxonomy":"post_tag","embeddable":true,"href":"https:\/\/rencartaumelies.org\/index.php\/wp-json\/wp\/v2\/tags?post=9207"}],"curies":[{"name":"wp","href":"https:\/\/api.w.org\/{rel}","templated":true}]}}