{"id":9214,"date":"2026-08-31T07:45:00","date_gmt":"2026-08-31T05:45:00","guid":{"rendered":"https:\/\/rencartaumelies.org\/?p=9214"},"modified":"2026-09-03T23:27:40","modified_gmt":"2026-09-03T21:27:40","slug":"samedi-19-septembre-fini-de-rire-lhumour-politique-au-garde-a-vous","status":"publish","type":"post","link":"https:\/\/rencartaumelies.org\/index.php\/2026\/08\/31\/samedi-19-septembre-fini-de-rire-lhumour-politique-au-garde-a-vous\/","title":{"rendered":"Samedi 19 septembre : Fini de rire ! L&rsquo;humour politique au garde-\u00e0-vous ?"},"content":{"rendered":"\n<figure class=\"wp-block-image size-large\"><img loading=\"lazy\" decoding=\"async\" width=\"722\" height=\"1024\" src=\"https:\/\/rencartaumelies.org\/wp-content\/uploads\/2026\/09\/2026-09-19-Fini-de-rire-722x1024.jpg\" alt=\"\" class=\"wp-image-9215\" srcset=\"https:\/\/rencartaumelies.org\/wp-content\/uploads\/2026\/09\/2026-09-19-Fini-de-rire-722x1024.jpg 722w, https:\/\/rencartaumelies.org\/wp-content\/uploads\/2026\/09\/2026-09-19-Fini-de-rire-212x300.jpg 212w, https:\/\/rencartaumelies.org\/wp-content\/uploads\/2026\/09\/2026-09-19-Fini-de-rire-767x1088.jpg 767w, https:\/\/rencartaumelies.org\/wp-content\/uploads\/2026\/09\/2026-09-19-Fini-de-rire.jpg 1080w\" sizes=\"auto, (max-width: 722px) 100vw, 722px\" \/><\/figure>\n\n\n\n<p class=\"wp-block-paragraph\"><strong>Synopsis\u00a0<\/strong>:\u00a0En France, rire des puissants est devenu un sport \u00e0 risque. En trente ans, les humoristes les plus libres de la t\u00e9l\u00e9vision et de la radio ont \u00e9t\u00e9 m\u00e9thodiquement neutralis\u00e9s, marginalis\u00e9s, censur\u00e9s, voire vir\u00e9s. Dans l&rsquo;audiovisuel public comme dans les m\u00e9dias priv\u00e9s, le m\u00eame m\u00e9canisme se r\u00e9p\u00e8te : on tol\u00e8re la satire tant qu&rsquo;elle ne mord pas. D\u00e8s qu&rsquo;elle touche au pouvoir, on coupe le micro. Des plateaux de Canal+ aux studios de France Inter en passant par les couloirs de France T\u00e9l\u00e9visions, du r\u00e8gne de Nicolas Sarkozy \u00e0 celui d&rsquo;Emmanuel Macron, ce documentaire retrace la m\u00e9canique d&rsquo;une mise au silence qui en dit long sur l&rsquo;\u00e9tat r\u00e9el de la libert\u00e9 d&rsquo;expression dans l&rsquo;audiovisuel fran\u00e7ais.<\/p>\n\n\n\n<p class=\"wp-block-paragraph\"><strong>La projection sera suivie de la diffusion sur \u00e9cran du d\u00e9bat organis\u00e9 \u00e0 Saint-Denis avec les humoristes Akim Omiri, Thomas VDB, Audrey Vernon, Florence Mendez, Kevin Razy&#8230;<\/strong><\/p>\n\n\n\n<p class=\"wp-block-paragraph\"><a href=\"https:\/\/www.dropbox.com\/scl\/fo\/wii2aapwx61jcmevg2nzh\/AGnptec_EBlmKZYiK4MN79U\/FiniDeRire_DossierDePresse.pdf?rlkey=eg1fsmxpm3dacrial2yhgv08r&amp;e=2&amp;dl=0\">Pr\u00e9sentation<\/a>\u00a0et\u00a0<a href=\"https:\/\/www.youtube.com\/watch?v=tqtxTM7yYWE\">bande-annonce<\/a><\/p>\n\n\n\n<p class=\"wp-block-paragraph\">Si vous \u00eates adh\u00e9rent, vous pourrez vous inscrire \u00e0 cette s\u00e9ance quand vous aurez re\u00e7u notre invitation, en \u00e9crivant \u00e0 rencart93100@gmail.com. Vous b\u00e9n\u00e9ficierez d\u2019une place r\u00e9serv\u00e9e et du tarif adh\u00e9rent de 2,50 \u20ac.<\/p>\n","protected":false},"excerpt":{"rendered":"<p>Synopsis\u00a0:\u00a0En France, rire des puissants est devenu un sport \u00e0 risque. En trente ans, les humoristes les plus libres de la t\u00e9l\u00e9vision et de la [&#8230;]<\/p>\n","protected":false},"author":54,"featured_media":9217,"comment_status":"closed","ping_status":"open","sticky":false,"template":"","format":"standard","meta":{"footnotes":""},"categories":[85],"tags":[],"class_list":["post-9214","post","type-post","status-publish","format-standard","has-post-thumbnail","hentry","category-evenements"],"_links":{"self":[{"href":"https:\/\/rencartaumelies.org\/index.php\/wp-json\/wp\/v2\/posts\/9214","targetHints":{"allow":["GET"]}}],"collection":[{"href":"https:\/\/rencartaumelies.org\/index.php\/wp-json\/wp\/v2\/posts"}],"about":[{"href":"https:\/\/rencartaumelies.org\/index.php\/wp-json\/wp\/v2\/types\/post"}],"author":[{"embeddable":true,"href":"https:\/\/rencartaumelies.org\/index.php\/wp-json\/wp\/v2\/users\/54"}],"replies":[{"embeddable":true,"href":"https:\/\/rencartaumelies.org\/index.php\/wp-json\/wp\/v2\/comments?post=9214"}],"version-history":[{"count":1,"href":"https:\/\/rencartaumelies.org\/index.php\/wp-json\/wp\/v2\/posts\/9214\/revisions"}],"predecessor-version":[{"id":9218,"href":"https:\/\/rencartaumelies.org\/index.php\/wp-json\/wp\/v2\/posts\/9214\/revisions\/9218"}],"wp:featuredmedia":[{"embeddable":true,"href":"https:\/\/rencartaumelies.org\/index.php\/wp-json\/wp\/v2\/media\/9217"}],"wp:attachment":[{"href":"https:\/\/rencartaumelies.org\/index.php\/wp-json\/wp\/v2\/media?parent=9214"}],"wp:term":[{"taxonomy":"category","embeddable":true,"href":"https:\/\/rencartaumelies.org\/index.php\/wp-json\/wp\/v2\/categories?post=9214"},{"taxonomy":"post_tag","embeddable":true,"href":"https:\/\/rencartaumelies.org\/index.php\/wp-json\/wp\/v2\/tags?post=9214"}],"curies":[{"name":"wp","href":"https:\/\/api.w.org\/{rel}","templated":true}]}}