{"id":9228,"date":"2026-08-31T07:15:00","date_gmt":"2026-08-31T05:15:00","guid":{"rendered":"https:\/\/rencartaumelies.org\/?p=9228"},"modified":"2026-09-05T22:37:50","modified_gmt":"2026-09-05T20:37:50","slug":"7-octobre-ton-animal-maternel","status":"publish","type":"post","link":"https:\/\/rencartaumelies.org\/index.php\/2026\/08\/31\/7-octobre-ton-animal-maternel\/","title":{"rendered":"7 octobre : Ton animal maternel"},"content":{"rendered":"\n<figure class=\"wp-block-image size-large\"><img loading=\"lazy\" decoding=\"async\" width=\"719\" height=\"1024\" src=\"https:\/\/rencartaumelies.org\/wp-content\/uploads\/2026\/09\/2026-10-07-Ton-animal-maternel-719x1024.jpg\" alt=\"\" class=\"wp-image-9229\" srcset=\"https:\/\/rencartaumelies.org\/wp-content\/uploads\/2026\/09\/2026-10-07-Ton-animal-maternel-719x1024.jpg 719w, https:\/\/rencartaumelies.org\/wp-content\/uploads\/2026\/09\/2026-10-07-Ton-animal-maternel-211x300.jpg 211w, https:\/\/rencartaumelies.org\/wp-content\/uploads\/2026\/09\/2026-10-07-Ton-animal-maternel-768x1093.jpg 768w, https:\/\/rencartaumelies.org\/wp-content\/uploads\/2026\/09\/2026-10-07-Ton-animal-maternel-1079x1536.jpg 1079w, https:\/\/rencartaumelies.org\/wp-content\/uploads\/2026\/09\/2026-10-07-Ton-animal-maternel.jpg 1080w\" sizes=\"auto, (max-width: 719px) 100vw, 719px\" \/><\/figure>\n\n\n\n<p class=\"wp-block-paragraph\"><strong>Synopsis\u00a0<\/strong>:\u00a0De retour au Costa Rica apr\u00e8s des \u00e9tudes en Europe, Elsa retrouve sa petite s\u0153ur Amalia, seule dans la maison familiale. De plus en plus insaisissable, celle-ci semble enferm\u00e9e dans des croyances \u00e9sot\u00e9riques. Elsa essaie d\u2019alerter leurs parents, mais ni le p\u00e8re, trop occup\u00e9 par ses nouvelles conqu\u00eates, ni la m\u00e8re, absorb\u00e9e par la r\u00e9\u00e9dition des po\u00e8mes \u00e9rotiques de sa jeunesse, ne semblent prendre la mesure de la situation. Le retour d\u2019Elsa engage les trois femmes \u00e0 interroger leur lien ind\u00e9fectible.<\/p>\n\n\n\n<p class=\"wp-block-paragraph\"><a href=\"https:\/\/drive.google.com\/file\/d\/1NBWiHPurStEE_IRHnJ2f_sAQ5vqefe8P\/view\">Pr\u00e9sentation<\/a>\u00a0et\u00a0<a href=\"https:\/\/vimeo.com\/1203820299?fl=pl&amp;fe=vl\">bande-annonce<\/a><\/p>\n\n\n\n<p class=\"wp-block-paragraph\">Si vous \u00eates adh\u00e9rent, vous pourrez vous inscrire \u00e0 cette s\u00e9ance quand vous aurez re\u00e7u notre invitation, en \u00e9crivant \u00e0 rencart93100@gmail.com. Vous b\u00e9n\u00e9ficierez d\u2019une place r\u00e9serv\u00e9e et du tarif adh\u00e9rent de 2,50 \u20ac.<\/p>\n","protected":false},"excerpt":{"rendered":"<p>Synopsis\u00a0:\u00a0De retour au Costa Rica apr\u00e8s des \u00e9tudes en Europe, Elsa retrouve sa petite s\u0153ur Amalia, seule dans la maison familiale. De plus en plus [&#8230;]<\/p>\n","protected":false},"author":54,"featured_media":9230,"comment_status":"closed","ping_status":"open","sticky":false,"template":"","format":"standard","meta":{"footnotes":""},"categories":[85],"tags":[],"class_list":["post-9228","post","type-post","status-publish","format-standard","has-post-thumbnail","hentry","category-evenements"],"_links":{"self":[{"href":"https:\/\/rencartaumelies.org\/index.php\/wp-json\/wp\/v2\/posts\/9228","targetHints":{"allow":["GET"]}}],"collection":[{"href":"https:\/\/rencartaumelies.org\/index.php\/wp-json\/wp\/v2\/posts"}],"about":[{"href":"https:\/\/rencartaumelies.org\/index.php\/wp-json\/wp\/v2\/types\/post"}],"author":[{"embeddable":true,"href":"https:\/\/rencartaumelies.org\/index.php\/wp-json\/wp\/v2\/users\/54"}],"replies":[{"embeddable":true,"href":"https:\/\/rencartaumelies.org\/index.php\/wp-json\/wp\/v2\/comments?post=9228"}],"version-history":[{"count":1,"href":"https:\/\/rencartaumelies.org\/index.php\/wp-json\/wp\/v2\/posts\/9228\/revisions"}],"predecessor-version":[{"id":9231,"href":"https:\/\/rencartaumelies.org\/index.php\/wp-json\/wp\/v2\/posts\/9228\/revisions\/9231"}],"wp:featuredmedia":[{"embeddable":true,"href":"https:\/\/rencartaumelies.org\/index.php\/wp-json\/wp\/v2\/media\/9230"}],"wp:attachment":[{"href":"https:\/\/rencartaumelies.org\/index.php\/wp-json\/wp\/v2\/media?parent=9228"}],"wp:term":[{"taxonomy":"category","embeddable":true,"href":"https:\/\/rencartaumelies.org\/index.php\/wp-json\/wp\/v2\/categories?post=9228"},{"taxonomy":"post_tag","embeddable":true,"href":"https:\/\/rencartaumelies.org\/index.php\/wp-json\/wp\/v2\/tags?post=9228"}],"curies":[{"name":"wp","href":"https:\/\/api.w.org\/{rel}","templated":true}]}}